{"id":3849,"date":"2017-12-23T13:46:32","date_gmt":"2017-12-23T12:46:32","guid":{"rendered":"https:\/\/eager-austin.188-34-163-140.plesk.page\/?p=3849"},"modified":"2024-12-13T21:43:52","modified_gmt":"2024-12-13T20:43:52","slug":"weinachten-2017","status":"publish","type":"post","link":"https:\/\/kitabluemli.ch\/en\/weinachten-2017\/","title":{"rendered":"Weinachten 2017"},"content":{"rendered":"<p>Wir w\u00fcnschen allen Familien fr\u00f6hliche Weinachten und einen guten Rutsch ins neue Jahr.<\/p>\n<p>Andrea und das KiTa Bl\u00fcemli Team<\/p>","protected":false},"excerpt":{"rendered":"<p>Wir w\u00fcnschen allen Familien fr\u00f6hliche Weinachten und einen guten Rutsch ins neue Jahr. Andrea und das KiTa Bl\u00fcemli Team<\/p>","protected":false},"author":2,"featured_media":3850,"comment_status":"closed","ping_status":"closed","sticky":false,"template":"","format":"standard","meta":{"footnotes":""},"categories":[520],"tags":[],"class_list":["post-3849","post","type-post","status-publish","format-standard","has-post-thumbnail","hentry","category-waldkinderkrippe-blog"],"_links":{"self":[{"href":"https:\/\/kitabluemli.ch\/en\/wp-json\/wp\/v2\/posts\/3849","targetHints":{"allow":["GET"]}}],"collection":[{"href":"https:\/\/kitabluemli.ch\/en\/wp-json\/wp\/v2\/posts"}],"about":[{"href":"https:\/\/kitabluemli.ch\/en\/wp-json\/wp\/v2\/types\/post"}],"author":[{"embeddable":true,"href":"https:\/\/kitabluemli.ch\/en\/wp-json\/wp\/v2\/users\/2"}],"replies":[{"embeddable":true,"href":"https:\/\/kitabluemli.ch\/en\/wp-json\/wp\/v2\/comments?post=3849"}],"version-history":[{"count":0,"href":"https:\/\/kitabluemli.ch\/en\/wp-json\/wp\/v2\/posts\/3849\/revisions"}],"wp:featuredmedia":[{"embeddable":true,"href":"https:\/\/kitabluemli.ch\/en\/wp-json\/wp\/v2\/media\/3850"}],"wp:attachment":[{"href":"https:\/\/kitabluemli.ch\/en\/wp-json\/wp\/v2\/media?parent=3849"}],"wp:term":[{"taxonomy":"category","embeddable":true,"href":"https:\/\/kitabluemli.ch\/en\/wp-json\/wp\/v2\/categories?post=3849"},{"taxonomy":"post_tag","embeddable":true,"href":"https:\/\/kitabluemli.ch\/en\/wp-json\/wp\/v2\/tags?post=3849"}],"curies":[{"name":"wp","href":"https:\/\/api.w.org\/{rel}","templated":true}]}}