{"id":3964,"date":"2018-01-02T14:06:36","date_gmt":"2018-01-02T13:06:36","guid":{"rendered":"https:\/\/eager-austin.188-34-163-140.plesk.page\/?p=3964"},"modified":"2018-01-02T14:06:36","modified_gmt":"2018-01-02T13:06:36","slug":"ab-morgen-haben-wir-wieder-normal-geoeffnet","status":"publish","type":"post","link":"https:\/\/kitabluemli.ch\/en\/ab-morgen-haben-wir-wieder-normal-geoeffnet\/","title":{"rendered":"Ab morgen haben wir wieder normal ge\u00f6ffnet!"},"content":{"rendered":"<p>Ab morgen, Mittwoch 03. Januar 2018, haben wir wieder normal ge\u00f6ffnet und freuen uns ab 7.00 Uhr eure Kinder bei uns begr\u00fcssen zu d\u00fcrfen, das KiTa Bl\u00fcemli Team.<\/p>","protected":false},"excerpt":{"rendered":"<p>Ab morgen, Mittwoch 03. Januar 2018, haben wir wieder normal ge\u00f6ffnet und freuen uns ab 7.00 Uhr eure Kinder bei uns begr\u00fcssen zu d\u00fcrfen, das KiTa Bl\u00fcemli Team.<\/p>","protected":false},"author":2,"featured_media":3474,"comment_status":"closed","ping_status":"closed","sticky":false,"template":"","format":"standard","meta":{"footnotes":""},"categories":[1,519,520],"tags":[],"class_list":["post-3964","post","type-post","status-publish","format-standard","has-post-thumbnail","hentry","category-allgemein-blog","category-kinderkrippe-blog","category-waldkinderkrippe-blog"],"_links":{"self":[{"href":"https:\/\/kitabluemli.ch\/en\/wp-json\/wp\/v2\/posts\/3964","targetHints":{"allow":["GET"]}}],"collection":[{"href":"https:\/\/kitabluemli.ch\/en\/wp-json\/wp\/v2\/posts"}],"about":[{"href":"https:\/\/kitabluemli.ch\/en\/wp-json\/wp\/v2\/types\/post"}],"author":[{"embeddable":true,"href":"https:\/\/kitabluemli.ch\/en\/wp-json\/wp\/v2\/users\/2"}],"replies":[{"embeddable":true,"href":"https:\/\/kitabluemli.ch\/en\/wp-json\/wp\/v2\/comments?post=3964"}],"version-history":[{"count":0,"href":"https:\/\/kitabluemli.ch\/en\/wp-json\/wp\/v2\/posts\/3964\/revisions"}],"wp:featuredmedia":[{"embeddable":true,"href":"https:\/\/kitabluemli.ch\/en\/wp-json\/wp\/v2\/media\/3474"}],"wp:attachment":[{"href":"https:\/\/kitabluemli.ch\/en\/wp-json\/wp\/v2\/media?parent=3964"}],"wp:term":[{"taxonomy":"category","embeddable":true,"href":"https:\/\/kitabluemli.ch\/en\/wp-json\/wp\/v2\/categories?post=3964"},{"taxonomy":"post_tag","embeddable":true,"href":"https:\/\/kitabluemli.ch\/en\/wp-json\/wp\/v2\/tags?post=3964"}],"curies":[{"name":"wp","href":"https:\/\/api.w.org\/{rel}","templated":true}]}}