{"id":4067,"date":"2018-01-15T09:03:57","date_gmt":"2018-01-15T08:03:57","guid":{"rendered":"https:\/\/eager-austin.188-34-163-140.plesk.page\/?p=4067"},"modified":"2018-01-15T09:03:57","modified_gmt":"2018-01-15T08:03:57","slug":"handschuhe-mit-seidenpapier-bekleben","status":"publish","type":"post","link":"https:\/\/kitabluemli.ch\/en\/handschuhe-mit-seidenpapier-bekleben\/","title":{"rendered":"Handschuhe mit Seidenpapier bekleben"},"content":{"rendered":"<p>Manchem Bastelideen sind so einfach&#8230; wie bei dieser Idee: Handschuhe mit Seidenpapier Basteln. Kinder k\u00f6nnen ganz nebenbei Motorik, Farbverst\u00e4ndnis und noch viele andere Dinge ausprobieren und \u00fcben.<\/p>\n<div id='gallery-1' class='gallery galleryid-4067 gallery-columns-3 gallery-size-thumbnail'><figure class='gallery-item'>\n\t\t\t<div class='gallery-icon portrait'>\n\t\t\t\t<a href='https:\/\/kitabluemli.ch\/en\/handschuhe-mit-seidenpapier-bekleben\/basteln-und-malen-in-die-kita-2\/'><img decoding=\"async\" width=\"150\" height=\"150\" src=\"https:\/\/kitabluemli.ch\/wp-content\/uploads\/2018\/01\/basteln-und-malen-in-die-kita.-2-150x150.jpg\" class=\"attachment-thumbnail size-thumbnail\" alt=\"basteln-und-malen-in-die-kita\" title=\"\"><\/a>\n\t\t\t<\/div><\/figure><figure class='gallery-item'>\n\t\t\t<div class='gallery-icon portrait'>\n\t\t\t\t<a href='https:\/\/kitabluemli.ch\/en\/handschuhe-mit-seidenpapier-bekleben\/malen-und-basteln-in-die-kita\/'><img decoding=\"async\" width=\"150\" height=\"150\" src=\"https:\/\/kitabluemli.ch\/wp-content\/uploads\/2018\/01\/malen-und-basteln-in-die-kita-150x150.jpg\" class=\"attachment-thumbnail size-thumbnail\" alt=\"basteln-und-malen-in-die-kita\" title=\"\"><\/a>\n\t\t\t<\/div><\/figure>\n\t\t<\/div>","protected":false},"excerpt":{"rendered":"<p>Manchem Bastelideen sind so einfach&#8230; wie bei dieser Idee: Handschuhe mit Seidenpapier Basteln. Kinder k\u00f6nnen ganz nebenbei Motorik, Farbverst\u00e4ndnis und noch viele andere Dinge ausprobieren und \u00fcben.<\/p>","protected":false},"author":2,"featured_media":4070,"comment_status":"closed","ping_status":"closed","sticky":false,"template":"","format":"gallery","meta":{"footnotes":""},"categories":[519],"tags":[],"class_list":["post-4067","post","type-post","status-publish","format-gallery","has-post-thumbnail","hentry","category-kinderkrippe-blog","post_format-post-format-gallery"],"_links":{"self":[{"href":"https:\/\/kitabluemli.ch\/en\/wp-json\/wp\/v2\/posts\/4067","targetHints":{"allow":["GET"]}}],"collection":[{"href":"https:\/\/kitabluemli.ch\/en\/wp-json\/wp\/v2\/posts"}],"about":[{"href":"https:\/\/kitabluemli.ch\/en\/wp-json\/wp\/v2\/types\/post"}],"author":[{"embeddable":true,"href":"https:\/\/kitabluemli.ch\/en\/wp-json\/wp\/v2\/users\/2"}],"replies":[{"embeddable":true,"href":"https:\/\/kitabluemli.ch\/en\/wp-json\/wp\/v2\/comments?post=4067"}],"version-history":[{"count":0,"href":"https:\/\/kitabluemli.ch\/en\/wp-json\/wp\/v2\/posts\/4067\/revisions"}],"wp:featuredmedia":[{"embeddable":true,"href":"https:\/\/kitabluemli.ch\/en\/wp-json\/wp\/v2\/media\/4070"}],"wp:attachment":[{"href":"https:\/\/kitabluemli.ch\/en\/wp-json\/wp\/v2\/media?parent=4067"}],"wp:term":[{"taxonomy":"category","embeddable":true,"href":"https:\/\/kitabluemli.ch\/en\/wp-json\/wp\/v2\/categories?post=4067"},{"taxonomy":"post_tag","embeddable":true,"href":"https:\/\/kitabluemli.ch\/en\/wp-json\/wp\/v2\/tags?post=4067"}],"curies":[{"name":"wp","href":"https:\/\/api.w.org\/{rel}","templated":true}]}}