{"id":4178,"date":"2018-01-24T12:00:52","date_gmt":"2018-01-24T11:00:52","guid":{"rendered":"https:\/\/eager-austin.188-34-163-140.plesk.page\/?p=4178"},"modified":"2018-01-24T12:00:52","modified_gmt":"2018-01-24T11:00:52","slug":"wir-erobern-den-wald","status":"publish","type":"post","link":"https:\/\/kitabluemli.ch\/en\/wir-erobern-den-wald\/","title":{"rendered":"Wir erobern den Wald!"},"content":{"rendered":"<p>In diesen Monaten verbringen wir die meiste Zeit vom Tag im Wald.\u00a0Nachdem wir uns mit einem gesunden Z\u2019n\u00fcni gest\u00e4rkt haben, machen wir uns auf dem Weg in den Wald. Dort geniessen wir die Natur in vollen Z\u00fcgen, in dem wir Dinge sammeln, entdecken, experimentieren, klettern, spielen, singen, <a href=\"https:\/\/kitabluemli.ch\/en\/basteln-im-wald\/\">basteln<\/a>, kochen und schlafen.<\/p>","protected":false},"excerpt":{"rendered":"<p>In diesen Monaten verbringen wir die meiste Zeit vom Tag im Wald.\u00a0Nachdem wir uns mit einem gesunden Z\u2019n\u00fcni gest\u00e4rkt haben, machen wir uns auf dem Weg in den Wald. Dort geniessen wir die Natur in vollen Z\u00fcgen, in dem wir Dinge sammeln, entdecken, experimentieren, klettern, spielen, singen, basteln, kochen und schlafen.<\/p>","protected":false},"author":2,"featured_media":4179,"comment_status":"closed","ping_status":"closed","sticky":false,"template":"","format":"standard","meta":{"footnotes":""},"categories":[520],"tags":[],"class_list":["post-4178","post","type-post","status-publish","format-standard","has-post-thumbnail","hentry","category-waldkinderkrippe-blog"],"_links":{"self":[{"href":"https:\/\/kitabluemli.ch\/en\/wp-json\/wp\/v2\/posts\/4178","targetHints":{"allow":["GET"]}}],"collection":[{"href":"https:\/\/kitabluemli.ch\/en\/wp-json\/wp\/v2\/posts"}],"about":[{"href":"https:\/\/kitabluemli.ch\/en\/wp-json\/wp\/v2\/types\/post"}],"author":[{"embeddable":true,"href":"https:\/\/kitabluemli.ch\/en\/wp-json\/wp\/v2\/users\/2"}],"replies":[{"embeddable":true,"href":"https:\/\/kitabluemli.ch\/en\/wp-json\/wp\/v2\/comments?post=4178"}],"version-history":[{"count":0,"href":"https:\/\/kitabluemli.ch\/en\/wp-json\/wp\/v2\/posts\/4178\/revisions"}],"wp:featuredmedia":[{"embeddable":true,"href":"https:\/\/kitabluemli.ch\/en\/wp-json\/wp\/v2\/media\/4179"}],"wp:attachment":[{"href":"https:\/\/kitabluemli.ch\/en\/wp-json\/wp\/v2\/media?parent=4178"}],"wp:term":[{"taxonomy":"category","embeddable":true,"href":"https:\/\/kitabluemli.ch\/en\/wp-json\/wp\/v2\/categories?post=4178"},{"taxonomy":"post_tag","embeddable":true,"href":"https:\/\/kitabluemli.ch\/en\/wp-json\/wp\/v2\/tags?post=4178"}],"curies":[{"name":"wp","href":"https:\/\/api.w.org\/{rel}","templated":true}]}}