{"id":4253,"date":"2018-02-01T12:00:19","date_gmt":"2018-02-01T11:00:19","guid":{"rendered":"https:\/\/eager-austin.188-34-163-140.plesk.page\/?p=4253"},"modified":"2018-02-01T12:00:19","modified_gmt":"2018-02-01T11:00:19","slug":"unterwegs-zum-wald","status":"publish","type":"post","link":"https:\/\/kitabluemli.ch\/en\/unterwegs-zum-wald\/","title":{"rendered":"Unterwegs zum Wald"},"content":{"rendered":"<p>Wir sind unterwegs zum Wald&#8230; die Natur und ihre Elemente werden mit Haut und Haar erlebt, wir freuen uns auf das k\u00fchle Wasser der Waldb\u00e4che und die Farbgewand der B\u00e4ume. Wir lassen uns von der <a href=\"https:\/\/kitabluemli.ch\/en\/es-macht-spass-in-die-natur\/\">Natur<\/a> verzaubern&#8230;<\/p>\n<div id='gallery-1' class='gallery galleryid-4253 gallery-columns-3 gallery-size-thumbnail'><figure class='gallery-item'>\n\t\t\t<div class='gallery-icon portrait'>\n\t\t\t\t<a href='https:\/\/kitabluemli.ch\/en\/unterwegs-zum-wald\/unterwegs-im-wald\/'><img decoding=\"async\" width=\"150\" height=\"150\" src=\"https:\/\/kitabluemli.ch\/wp-content\/uploads\/2018\/01\/unterwegs-im-wald-150x150.jpg\" class=\"attachment-thumbnail size-thumbnail\" alt=\"waldkinderkrippe\" title=\"\"><\/a>\n\t\t\t<\/div><\/figure><figure class='gallery-item'>\n\t\t\t<div class='gallery-icon portrait'>\n\t\t\t\t<a href='https:\/\/kitabluemli.ch\/en\/unterwegs-zum-wald\/wir-erforschen-den-wald-6\/'><img decoding=\"async\" width=\"150\" height=\"150\" src=\"https:\/\/kitabluemli.ch\/wp-content\/uploads\/2018\/01\/wir-erforschen-den-wald-6-150x150.jpg\" class=\"attachment-thumbnail size-thumbnail\" alt=\"waldkinderkrippe\" title=\"\"><\/a>\n\t\t\t<\/div><\/figure><figure class='gallery-item'>\n\t\t\t<div class='gallery-icon portrait'>\n\t\t\t\t<a href='https:\/\/kitabluemli.ch\/en\/unterwegs-zum-wald\/waldkita-team-8\/'><img decoding=\"async\" width=\"150\" height=\"150\" src=\"https:\/\/kitabluemli.ch\/wp-content\/uploads\/2018\/01\/waldkita-team-8-150x150.jpg\" class=\"attachment-thumbnail size-thumbnail\" alt=\"waldkinderkrippe\" title=\"\"><\/a>\n\t\t\t<\/div><\/figure>\n\t\t<\/div>","protected":false},"excerpt":{"rendered":"<p>Wir sind unterwegs zum Wald&#8230; die Natur und ihre Elemente werden mit Haut und Haar erlebt, wir freuen uns auf das k\u00fchle Wasser der Waldb\u00e4che und die Farbgewand der B\u00e4ume. Wir lassen uns von der Natur verzaubern&#8230;<\/p>","protected":false},"author":2,"featured_media":4255,"comment_status":"closed","ping_status":"closed","sticky":false,"template":"","format":"gallery","meta":{"footnotes":""},"categories":[520],"tags":[],"class_list":["post-4253","post","type-post","status-publish","format-gallery","has-post-thumbnail","hentry","category-waldkinderkrippe-blog","post_format-post-format-gallery"],"_links":{"self":[{"href":"https:\/\/kitabluemli.ch\/en\/wp-json\/wp\/v2\/posts\/4253","targetHints":{"allow":["GET"]}}],"collection":[{"href":"https:\/\/kitabluemli.ch\/en\/wp-json\/wp\/v2\/posts"}],"about":[{"href":"https:\/\/kitabluemli.ch\/en\/wp-json\/wp\/v2\/types\/post"}],"author":[{"embeddable":true,"href":"https:\/\/kitabluemli.ch\/en\/wp-json\/wp\/v2\/users\/2"}],"replies":[{"embeddable":true,"href":"https:\/\/kitabluemli.ch\/en\/wp-json\/wp\/v2\/comments?post=4253"}],"version-history":[{"count":0,"href":"https:\/\/kitabluemli.ch\/en\/wp-json\/wp\/v2\/posts\/4253\/revisions"}],"wp:featuredmedia":[{"embeddable":true,"href":"https:\/\/kitabluemli.ch\/en\/wp-json\/wp\/v2\/media\/4255"}],"wp:attachment":[{"href":"https:\/\/kitabluemli.ch\/en\/wp-json\/wp\/v2\/media?parent=4253"}],"wp:term":[{"taxonomy":"category","embeddable":true,"href":"https:\/\/kitabluemli.ch\/en\/wp-json\/wp\/v2\/categories?post=4253"},{"taxonomy":"post_tag","embeddable":true,"href":"https:\/\/kitabluemli.ch\/en\/wp-json\/wp\/v2\/tags?post=4253"}],"curies":[{"name":"wp","href":"https:\/\/api.w.org\/{rel}","templated":true}]}}