{"id":4350,"date":"2018-02-08T08:00:21","date_gmt":"2018-02-08T07:00:21","guid":{"rendered":"https:\/\/eager-austin.188-34-163-140.plesk.page\/?p=4350"},"modified":"2018-02-08T08:00:21","modified_gmt":"2018-02-08T07:00:21","slug":"wir-basteln-fasnacht-masken","status":"publish","type":"post","link":"https:\/\/kitabluemli.ch\/en\/wir-basteln-fasnacht-masken\/","title":{"rendered":"Wir basteln Fasnacht Masken"},"content":{"rendered":"<p>Egal ob unsere Kinderkrippen Kinder als Tier, als Fabelwesen, als Superheld oder im Prinzessinnen- oder Piraten-Kost\u00fcm zum <a href=\"https:\/\/kitabluemli.ch\/en\/fasnachtsbild-basteln\/\">Fasnacht<\/a> gehen werden, Masken geh\u00f6ren zum Kost\u00fcm einfach dazu. Wir haben mit Ihnen verschiedene Masken selber gebastelt und das Ergebnis kann sich sehen lassen.<\/p>\n<div id='gallery-1' class='gallery galleryid-4350 gallery-columns-3 gallery-size-thumbnail'><figure class='gallery-item'>\n\t\t\t<div class='gallery-icon portrait'>\n\t\t\t\t<a href='https:\/\/kitabluemli.ch\/en\/wir-basteln-fasnacht-masken\/135d2f26-0f1d-4567-a1f6-5173cbb4f266\/'><img decoding=\"async\" width=\"150\" height=\"150\" src=\"https:\/\/kitabluemli.ch\/wp-content\/uploads\/2018\/02\/135d2f26-0f1d-4567-a1f6-5173cbb4f266-150x150.jpg\" class=\"attachment-thumbnail size-thumbnail\" alt=\"Wir basteln Fasnacht Masken\" title=\"\"><\/a>\n\t\t\t<\/div><\/figure><figure class='gallery-item'>\n\t\t\t<div class='gallery-icon portrait'>\n\t\t\t\t<a href='https:\/\/kitabluemli.ch\/en\/wir-basteln-fasnacht-masken\/2e95e5c5-d4dd-4cc7-8976-45e3da3c5bf0\/'><img decoding=\"async\" width=\"150\" height=\"150\" src=\"https:\/\/kitabluemli.ch\/wp-content\/uploads\/2018\/02\/2e95e5c5-d4dd-4cc7-8976-45e3da3c5bf0-150x150.jpg\" class=\"attachment-thumbnail size-thumbnail\" alt=\"Wir basteln Fasnacht Masken\" title=\"\"><\/a>\n\t\t\t<\/div><\/figure><figure class='gallery-item'>\n\t\t\t<div class='gallery-icon portrait'>\n\t\t\t\t<a href='https:\/\/kitabluemli.ch\/en\/wir-basteln-fasnacht-masken\/67c0e703-5455-4960-809f-ca77c84fddeb\/'><img decoding=\"async\" width=\"150\" height=\"150\" src=\"https:\/\/kitabluemli.ch\/wp-content\/uploads\/2018\/02\/67c0e703-5455-4960-809f-ca77c84fddeb-150x150.jpg\" class=\"attachment-thumbnail size-thumbnail\" alt=\"Wir basteln Fasnacht Masken\" title=\"\"><\/a>\n\t\t\t<\/div><\/figure><figure class='gallery-item'>\n\t\t\t<div class='gallery-icon portrait'>\n\t\t\t\t<a href='https:\/\/kitabluemli.ch\/en\/wir-basteln-fasnacht-masken\/96abd7c8-5ec7-47ed-a1e4-51a547dc1fcc\/'><img loading=\"lazy\" decoding=\"async\" width=\"150\" height=\"150\" src=\"https:\/\/kitabluemli.ch\/wp-content\/uploads\/2018\/02\/96abd7c8-5ec7-47ed-a1e4-51a547dc1fcc-150x150.jpg\" class=\"attachment-thumbnail size-thumbnail\" alt=\"Wir basteln Fasnacht Masken\" title=\"\"><\/a>\n\t\t\t<\/div><\/figure><figure class='gallery-item'>\n\t\t\t<div class='gallery-icon portrait'>\n\t\t\t\t<a href='https:\/\/kitabluemli.ch\/en\/wir-basteln-fasnacht-masken\/437053f6-0cb8-4e8d-8753-783eba755b24\/'><img loading=\"lazy\" decoding=\"async\" width=\"150\" height=\"150\" src=\"https:\/\/kitabluemli.ch\/wp-content\/uploads\/2018\/02\/437053f6-0cb8-4e8d-8753-783eba755b24-150x150.jpg\" class=\"attachment-thumbnail size-thumbnail\" alt=\"Wir basteln Fasnacht Masken\" title=\"\"><\/a>\n\t\t\t<\/div><\/figure><figure class='gallery-item'>\n\t\t\t<div class='gallery-icon portrait'>\n\t\t\t\t<a href='https:\/\/kitabluemli.ch\/en\/wir-basteln-fasnacht-masken\/c7884230-b913-4023-afe1-0bb0e92c5403\/'><img loading=\"lazy\" decoding=\"async\" width=\"150\" height=\"150\" src=\"https:\/\/kitabluemli.ch\/wp-content\/uploads\/2018\/02\/c7884230-b913-4023-afe1-0bb0e92c5403-150x150.jpg\" class=\"attachment-thumbnail size-thumbnail\" alt=\"Wir basteln Fasnacht Masken\" title=\"\"><\/a>\n\t\t\t<\/div><\/figure><figure class='gallery-item'>\n\t\t\t<div class='gallery-icon portrait'>\n\t\t\t\t<a href='https:\/\/kitabluemli.ch\/en\/wir-basteln-fasnacht-masken\/dbda7790-a5f6-4cf4-a136-4e2bc4e63b52\/'><img loading=\"lazy\" decoding=\"async\" width=\"150\" height=\"150\" src=\"https:\/\/kitabluemli.ch\/wp-content\/uploads\/2018\/02\/dbda7790-a5f6-4cf4-a136-4e2bc4e63b52-150x150.jpg\" class=\"attachment-thumbnail size-thumbnail\" alt=\"Wir basteln Fasnacht Masken\" title=\"\"><\/a>\n\t\t\t<\/div><\/figure><figure class='gallery-item'>\n\t\t\t<div class='gallery-icon portrait'>\n\t\t\t\t<a href='https:\/\/kitabluemli.ch\/en\/wir-basteln-fasnacht-masken\/dd1ff53e-53a6-4ab1-b9e6-d95f018a45bd\/'><img loading=\"lazy\" decoding=\"async\" width=\"150\" height=\"150\" src=\"https:\/\/kitabluemli.ch\/wp-content\/uploads\/2018\/02\/dd1ff53e-53a6-4ab1-b9e6-d95f018a45bd-150x150.jpg\" class=\"attachment-thumbnail size-thumbnail\" alt=\"Wir basteln Fasnacht Masken\" title=\"\"><\/a>\n\t\t\t<\/div><\/figure>\n\t\t<\/div>","protected":false},"excerpt":{"rendered":"<p>Egal ob unsere Kinderkrippen Kinder als Tier, als Fabelwesen, als Superheld oder im Prinzessinnen- oder Piraten-Kost\u00fcm zum Fasnacht gehen werden, Masken geh\u00f6ren zum Kost\u00fcm einfach dazu. Wir haben mit Ihnen verschiedene Masken selber gebastelt und das Ergebnis kann sich sehen lassen.<\/p>","protected":false},"author":2,"featured_media":4354,"comment_status":"closed","ping_status":"closed","sticky":false,"template":"","format":"gallery","meta":{"footnotes":""},"categories":[519],"tags":[],"class_list":["post-4350","post","type-post","status-publish","format-gallery","has-post-thumbnail","hentry","category-kinderkrippe-blog","post_format-post-format-gallery"],"_links":{"self":[{"href":"https:\/\/kitabluemli.ch\/en\/wp-json\/wp\/v2\/posts\/4350","targetHints":{"allow":["GET"]}}],"collection":[{"href":"https:\/\/kitabluemli.ch\/en\/wp-json\/wp\/v2\/posts"}],"about":[{"href":"https:\/\/kitabluemli.ch\/en\/wp-json\/wp\/v2\/types\/post"}],"author":[{"embeddable":true,"href":"https:\/\/kitabluemli.ch\/en\/wp-json\/wp\/v2\/users\/2"}],"replies":[{"embeddable":true,"href":"https:\/\/kitabluemli.ch\/en\/wp-json\/wp\/v2\/comments?post=4350"}],"version-history":[{"count":0,"href":"https:\/\/kitabluemli.ch\/en\/wp-json\/wp\/v2\/posts\/4350\/revisions"}],"wp:featuredmedia":[{"embeddable":true,"href":"https:\/\/kitabluemli.ch\/en\/wp-json\/wp\/v2\/media\/4354"}],"wp:attachment":[{"href":"https:\/\/kitabluemli.ch\/en\/wp-json\/wp\/v2\/media?parent=4350"}],"wp:term":[{"taxonomy":"category","embeddable":true,"href":"https:\/\/kitabluemli.ch\/en\/wp-json\/wp\/v2\/categories?post=4350"},{"taxonomy":"post_tag","embeddable":true,"href":"https:\/\/kitabluemli.ch\/en\/wp-json\/wp\/v2\/tags?post=4350"}],"curies":[{"name":"wp","href":"https:\/\/api.w.org\/{rel}","templated":true}]}}