{"id":4360,"date":"2018-02-08T12:00:59","date_gmt":"2018-02-08T11:00:59","guid":{"rendered":"https:\/\/eager-austin.188-34-163-140.plesk.page\/?p=4360"},"modified":"2024-12-14T11:19:31","modified_gmt":"2024-12-14T10:19:31","slug":"basteln-im-wald","status":"publish","type":"post","link":"https:\/\/kitabluemli.ch\/en\/basteln-im-wald\/","title":{"rendered":"Basteln im Wald"},"content":{"rendered":"<p>Unsere Kinder in die Walkinderkrippe lieben die Natur!\u00a0Der Wald bietet viele Naturmaterialien, die wir immer wider zum Basteln nutzen k\u00f6nnen, Bl\u00e4tter, \u00c4ste, Kastanien, Holz und Steine sind nur einige davon.<\/p>\n<div id='gallery-1' class='gallery galleryid-4360 gallery-columns-3 gallery-size-thumbnail'><figure class='gallery-item'>\n\t\t\t<div class='gallery-icon portrait'>\n\t\t\t\t<a href='https:\/\/kitabluemli.ch\/en\/basteln-im-wald\/bd1057bb-7460-4bfd-b044-ae707bdb866f\/'><img decoding=\"async\" width=\"150\" height=\"150\" src=\"https:\/\/kitabluemli.ch\/wp-content\/uploads\/2018\/02\/bd1057bb-7460-4bfd-b044-ae707bdb866f-150x150.jpg\" class=\"attachment-thumbnail size-thumbnail\" alt=\"Basteln im Wald\" title=\"\"><\/a>\n\t\t\t<\/div><\/figure><figure class='gallery-item'>\n\t\t\t<div class='gallery-icon landscape'>\n\t\t\t\t<a href='https:\/\/kitabluemli.ch\/en\/basteln-im-wald\/bf313327-e274-4993-8846-95e26eab5d36\/'><img decoding=\"async\" width=\"150\" height=\"150\" src=\"https:\/\/kitabluemli.ch\/wp-content\/uploads\/2018\/02\/bf313327-e274-4993-8846-95e26eab5d36-150x150.jpg\" class=\"attachment-thumbnail size-thumbnail\" alt=\"Basteln im Wald\" title=\"\"><\/a>\n\t\t\t<\/div><\/figure>\n\t\t<\/div>","protected":false},"excerpt":{"rendered":"<p>Unsere Kinder in die Walkinderkrippe lieben die Natur!\u00a0Der Wald bietet viele Naturmaterialien, die wir immer wider zum Basteln nutzen k\u00f6nnen, Bl\u00e4tter, \u00c4ste, Kastanien, Holz und Steine sind nur einige davon.<\/p>","protected":false},"author":2,"featured_media":4361,"comment_status":"closed","ping_status":"closed","sticky":false,"template":"","format":"gallery","meta":{"footnotes":""},"categories":[520],"tags":[],"class_list":["post-4360","post","type-post","status-publish","format-gallery","has-post-thumbnail","hentry","category-waldkinderkrippe-blog","post_format-post-format-gallery"],"_links":{"self":[{"href":"https:\/\/kitabluemli.ch\/en\/wp-json\/wp\/v2\/posts\/4360","targetHints":{"allow":["GET"]}}],"collection":[{"href":"https:\/\/kitabluemli.ch\/en\/wp-json\/wp\/v2\/posts"}],"about":[{"href":"https:\/\/kitabluemli.ch\/en\/wp-json\/wp\/v2\/types\/post"}],"author":[{"embeddable":true,"href":"https:\/\/kitabluemli.ch\/en\/wp-json\/wp\/v2\/users\/2"}],"replies":[{"embeddable":true,"href":"https:\/\/kitabluemli.ch\/en\/wp-json\/wp\/v2\/comments?post=4360"}],"version-history":[{"count":0,"href":"https:\/\/kitabluemli.ch\/en\/wp-json\/wp\/v2\/posts\/4360\/revisions"}],"wp:featuredmedia":[{"embeddable":true,"href":"https:\/\/kitabluemli.ch\/en\/wp-json\/wp\/v2\/media\/4361"}],"wp:attachment":[{"href":"https:\/\/kitabluemli.ch\/en\/wp-json\/wp\/v2\/media?parent=4360"}],"wp:term":[{"taxonomy":"category","embeddable":true,"href":"https:\/\/kitabluemli.ch\/en\/wp-json\/wp\/v2\/categories?post=4360"},{"taxonomy":"post_tag","embeddable":true,"href":"https:\/\/kitabluemli.ch\/en\/wp-json\/wp\/v2\/tags?post=4360"}],"curies":[{"name":"wp","href":"https:\/\/api.w.org\/{rel}","templated":true}]}}