{"id":4369,"date":"2018-02-09T12:00:44","date_gmt":"2018-02-09T11:00:44","guid":{"rendered":"https:\/\/eager-austin.188-34-163-140.plesk.page\/?p=4369"},"modified":"2018-02-09T12:00:44","modified_gmt":"2018-02-09T11:00:44","slug":"wir-spazieren-zurueck-zur-kinderkrippe","status":"publish","type":"post","link":"https:\/\/kitabluemli.ch\/en\/wir-spazieren-zurueck-zur-kinderkrippe\/","title":{"rendered":"Wir spazieren zur\u00fcck zur Kinderkrippe"},"content":{"rendered":"<p>Nach einem Ausflug spazieren unsere Kinder gemeinsam zur\u00fcck zur Kinderkrippe und sammeln unterwegs Steine, Bl\u00e4tter und \u00c4ste die wir sp\u00e4ter zum <a href=\"https:\/\/kitabluemli.ch\/en\/basteln-im-wald\/\">Basteln<\/a> brauchen werden.<\/p>\n<div id='gallery-1' class='gallery galleryid-4369 gallery-columns-3 gallery-size-thumbnail'><figure class='gallery-item'>\n\t\t\t<div class='gallery-icon landscape'>\n\t\t\t\t<a href='https:\/\/kitabluemli.ch\/en\/wir-spazieren-zurueck-zur-kinderkrippe\/306c580f-bee1-4bb6-9df3-a31faf09d5e7\/'><img decoding=\"async\" width=\"150\" height=\"150\" src=\"https:\/\/kitabluemli.ch\/wp-content\/uploads\/2018\/02\/306c580f-bee1-4bb6-9df3-a31faf09d5e7-150x150.jpg\" class=\"attachment-thumbnail size-thumbnail\" alt=\"Wir spazieren zur\u00fcck zur Kinderkrippe\" title=\"\"><\/a>\n\t\t\t<\/div><\/figure><figure class='gallery-item'>\n\t\t\t<div class='gallery-icon landscape'>\n\t\t\t\t<a href='https:\/\/kitabluemli.ch\/en\/wir-spazieren-zurueck-zur-kinderkrippe\/a219ee9d-6dcc-4b31-b5b8-9d8d3c4cb63b\/'><img decoding=\"async\" width=\"150\" height=\"150\" src=\"https:\/\/kitabluemli.ch\/wp-content\/uploads\/2018\/02\/a219ee9d-6dcc-4b31-b5b8-9d8d3c4cb63b-150x150.jpg\" class=\"attachment-thumbnail size-thumbnail\" alt=\"Wir spazieren zur\u00fcck zur Kinderkrippe\" title=\"\"><\/a>\n\t\t\t<\/div><\/figure><figure class='gallery-item'>\n\t\t\t<div class='gallery-icon landscape'>\n\t\t\t\t<a href='https:\/\/kitabluemli.ch\/en\/wir-spazieren-zurueck-zur-kinderkrippe\/83cf76ad-966f-4801-919b-e21217ff658c\/'><img decoding=\"async\" width=\"150\" height=\"150\" src=\"https:\/\/kitabluemli.ch\/wp-content\/uploads\/2018\/02\/83cf76ad-966f-4801-919b-e21217ff658c-150x150.jpg\" class=\"attachment-thumbnail size-thumbnail\" alt=\"Wir spazieren zur\u00fcck zur Kinderkrippe\" title=\"\"><\/a>\n\t\t\t<\/div><\/figure><figure class='gallery-item'>\n\t\t\t<div class='gallery-icon landscape'>\n\t\t\t\t<a href='https:\/\/kitabluemli.ch\/en\/wir-spazieren-zurueck-zur-kinderkrippe\/93e61cb9-f836-42fa-b8ee-036d39491408\/'><img loading=\"lazy\" decoding=\"async\" width=\"150\" height=\"150\" src=\"https:\/\/kitabluemli.ch\/wp-content\/uploads\/2018\/02\/93e61cb9-f836-42fa-b8ee-036d39491408-150x150.jpg\" class=\"attachment-thumbnail size-thumbnail\" alt=\"Wir spazieren zur\u00fcck zur Kinderkrippe\" title=\"\"><\/a>\n\t\t\t<\/div><\/figure><figure class='gallery-item'>\n\t\t\t<div class='gallery-icon landscape'>\n\t\t\t\t<a href='https:\/\/kitabluemli.ch\/en\/wir-spazieren-zurueck-zur-kinderkrippe\/d1b23c4e-9d2c-48f4-a700-014032428c99\/'><img loading=\"lazy\" decoding=\"async\" width=\"150\" height=\"150\" src=\"https:\/\/kitabluemli.ch\/wp-content\/uploads\/2018\/02\/d1b23c4e-9d2c-48f4-a700-014032428c99-150x150.jpg\" class=\"attachment-thumbnail size-thumbnail\" alt=\"Wir spazieren zur\u00fcck zur Kinderkrippe\" title=\"\"><\/a>\n\t\t\t<\/div><\/figure><figure class='gallery-item'>\n\t\t\t<div class='gallery-icon portrait'>\n\t\t\t\t<a href='https:\/\/kitabluemli.ch\/en\/wir-spazieren-zurueck-zur-kinderkrippe\/9bea3289-0a6c-43e7-8d58-11f174229317\/'><img loading=\"lazy\" decoding=\"async\" width=\"150\" height=\"150\" src=\"https:\/\/kitabluemli.ch\/wp-content\/uploads\/2018\/02\/9bea3289-0a6c-43e7-8d58-11f174229317-150x150.jpg\" class=\"attachment-thumbnail size-thumbnail\" alt=\"Wir spazieren zur\u00fcck zur Kinderkrippe\" title=\"\"><\/a>\n\t\t\t<\/div><\/figure>\n\t\t<\/div>","protected":false},"excerpt":{"rendered":"<p>Nach einem Ausflug spazieren unsere Kinder gemeinsam zur\u00fcck zur Kinderkrippe und sammeln unterwegs Steine, Bl\u00e4tter und \u00c4ste die wir sp\u00e4ter zum Basteln brauchen werden.<\/p>","protected":false},"author":2,"featured_media":4373,"comment_status":"closed","ping_status":"closed","sticky":false,"template":"","format":"gallery","meta":{"footnotes":""},"categories":[519],"tags":[],"class_list":["post-4369","post","type-post","status-publish","format-gallery","has-post-thumbnail","hentry","category-kinderkrippe-blog","post_format-post-format-gallery"],"_links":{"self":[{"href":"https:\/\/kitabluemli.ch\/en\/wp-json\/wp\/v2\/posts\/4369","targetHints":{"allow":["GET"]}}],"collection":[{"href":"https:\/\/kitabluemli.ch\/en\/wp-json\/wp\/v2\/posts"}],"about":[{"href":"https:\/\/kitabluemli.ch\/en\/wp-json\/wp\/v2\/types\/post"}],"author":[{"embeddable":true,"href":"https:\/\/kitabluemli.ch\/en\/wp-json\/wp\/v2\/users\/2"}],"replies":[{"embeddable":true,"href":"https:\/\/kitabluemli.ch\/en\/wp-json\/wp\/v2\/comments?post=4369"}],"version-history":[{"count":0,"href":"https:\/\/kitabluemli.ch\/en\/wp-json\/wp\/v2\/posts\/4369\/revisions"}],"wp:featuredmedia":[{"embeddable":true,"href":"https:\/\/kitabluemli.ch\/en\/wp-json\/wp\/v2\/media\/4373"}],"wp:attachment":[{"href":"https:\/\/kitabluemli.ch\/en\/wp-json\/wp\/v2\/media?parent=4369"}],"wp:term":[{"taxonomy":"category","embeddable":true,"href":"https:\/\/kitabluemli.ch\/en\/wp-json\/wp\/v2\/categories?post=4369"},{"taxonomy":"post_tag","embeddable":true,"href":"https:\/\/kitabluemli.ch\/en\/wp-json\/wp\/v2\/tags?post=4369"}],"curies":[{"name":"wp","href":"https:\/\/api.w.org\/{rel}","templated":true}]}}