{"id":4438,"date":"2018-02-10T20:04:57","date_gmt":"2018-02-10T19:04:57","guid":{"rendered":"https:\/\/eager-austin.188-34-163-140.plesk.page\/?p=4438"},"modified":"2018-02-10T20:04:57","modified_gmt":"2018-02-10T19:04:57","slug":"fastnachtsumzug-teil-1","status":"publish","type":"post","link":"https:\/\/kitabluemli.ch\/en\/fastnachtsumzug-teil-1\/","title":{"rendered":"Fastnachtsumzug (Teil 1)"},"content":{"rendered":"<p>Auch wir zeleblrieren den Fasnacht und unser Fastnachtsumzug geh\u00f6rt fest zum Jahresprogramm. Confetti werfen, mit einer Tr\u00f6te l\u00e4rmen und gemeinsam feiern, das ist Fasnacht, wenn alles ein bisschen ausser Rand und Band ger\u00e4t, zumindest f\u00fcr einen Nachmittag&#8230;\u00a0unvergessliche Momente f\u00fcr unsere Kinderkrippe und Waldkinderkrippen Kindern.<\/p>\n<div id='gallery-1' class='gallery galleryid-4438 gallery-columns-3 gallery-size-thumbnail'><figure class='gallery-item'>\n\t\t\t<div class='gallery-icon portrait'>\n\t\t\t\t<a href='https:\/\/kitabluemli.ch\/en\/fastnachtsumzug-teil-1\/3e6079b0-b846-4d1f-9eda-295203f62f9c\/'><img decoding=\"async\" width=\"150\" height=\"150\" src=\"https:\/\/kitabluemli.ch\/wp-content\/uploads\/2018\/02\/3e6079b0-b846-4d1f-9eda-295203f62f9c-150x150.jpg\" class=\"attachment-thumbnail size-thumbnail\" alt=\"Fastnachtsumzug\" title=\"\"><\/a>\n\t\t\t<\/div><\/figure><figure class='gallery-item'>\n\t\t\t<div class='gallery-icon portrait'>\n\t\t\t\t<a href='https:\/\/kitabluemli.ch\/en\/fastnachtsumzug-teil-1\/13c056a7-a41b-4543-b179-c0a82efd7f2a-1\/'><img decoding=\"async\" width=\"150\" height=\"150\" src=\"https:\/\/kitabluemli.ch\/wp-content\/uploads\/2018\/02\/13c056a7-a41b-4543-b179-c0a82efd7f2a-1-150x150.jpg\" class=\"attachment-thumbnail size-thumbnail\" alt=\"Fastnachtsumzug\" title=\"\"><\/a>\n\t\t\t<\/div><\/figure><figure class='gallery-item'>\n\t\t\t<div class='gallery-icon portrait'>\n\t\t\t\t<a href='https:\/\/kitabluemli.ch\/en\/fastnachtsumzug-teil-1\/0cba8ce0-455e-4b2b-a40c-beaeb63f7c87\/'><img decoding=\"async\" width=\"150\" height=\"150\" src=\"https:\/\/kitabluemli.ch\/wp-content\/uploads\/2018\/02\/0cba8ce0-455e-4b2b-a40c-beaeb63f7c87-150x150.jpg\" class=\"attachment-thumbnail size-thumbnail\" alt=\"Fastnachtsumzug\" title=\"\"><\/a>\n\t\t\t<\/div><\/figure><figure class='gallery-item'>\n\t\t\t<div class='gallery-icon portrait'>\n\t\t\t\t<a href='https:\/\/kitabluemli.ch\/en\/fastnachtsumzug-teil-1\/5d91515f-a90b-4bed-91e1-fa8f454474bc\/'><img loading=\"lazy\" decoding=\"async\" width=\"150\" height=\"150\" src=\"https:\/\/kitabluemli.ch\/wp-content\/uploads\/2018\/02\/5d91515f-a90b-4bed-91e1-fa8f454474bc-150x150.jpg\" class=\"attachment-thumbnail size-thumbnail\" alt=\"Fastnachtsumzug\" title=\"\"><\/a>\n\t\t\t<\/div><\/figure>\n\t\t<\/div>","protected":false},"excerpt":{"rendered":"<p>Auch wir zeleblrieren den Fasnacht und unser Fastnachtsumzug geh\u00f6rt fest zum Jahresprogramm. Confetti werfen, mit einer Tr\u00f6te l\u00e4rmen und gemeinsam feiern, das ist Fasnacht, wenn alles ein bisschen ausser Rand und Band ger\u00e4t, zumindest f\u00fcr einen Nachmittag&#8230;\u00a0unvergessliche Momente f\u00fcr unsere Kinderkrippe und Waldkinderkrippen Kindern.<\/p>","protected":false},"author":2,"featured_media":4440,"comment_status":"closed","ping_status":"closed","sticky":false,"template":"","format":"gallery","meta":{"footnotes":""},"categories":[519,520],"tags":[],"class_list":["post-4438","post","type-post","status-publish","format-gallery","has-post-thumbnail","hentry","category-kinderkrippe-blog","category-waldkinderkrippe-blog","post_format-post-format-gallery"],"_links":{"self":[{"href":"https:\/\/kitabluemli.ch\/en\/wp-json\/wp\/v2\/posts\/4438","targetHints":{"allow":["GET"]}}],"collection":[{"href":"https:\/\/kitabluemli.ch\/en\/wp-json\/wp\/v2\/posts"}],"about":[{"href":"https:\/\/kitabluemli.ch\/en\/wp-json\/wp\/v2\/types\/post"}],"author":[{"embeddable":true,"href":"https:\/\/kitabluemli.ch\/en\/wp-json\/wp\/v2\/users\/2"}],"replies":[{"embeddable":true,"href":"https:\/\/kitabluemli.ch\/en\/wp-json\/wp\/v2\/comments?post=4438"}],"version-history":[{"count":0,"href":"https:\/\/kitabluemli.ch\/en\/wp-json\/wp\/v2\/posts\/4438\/revisions"}],"wp:featuredmedia":[{"embeddable":true,"href":"https:\/\/kitabluemli.ch\/en\/wp-json\/wp\/v2\/media\/4440"}],"wp:attachment":[{"href":"https:\/\/kitabluemli.ch\/en\/wp-json\/wp\/v2\/media?parent=4438"}],"wp:term":[{"taxonomy":"category","embeddable":true,"href":"https:\/\/kitabluemli.ch\/en\/wp-json\/wp\/v2\/categories?post=4438"},{"taxonomy":"post_tag","embeddable":true,"href":"https:\/\/kitabluemli.ch\/en\/wp-json\/wp\/v2\/tags?post=4438"}],"curies":[{"name":"wp","href":"https:\/\/api.w.org\/{rel}","templated":true}]}}