{"id":4455,"date":"2018-02-11T20:00:36","date_gmt":"2018-02-11T19:00:36","guid":{"rendered":"https:\/\/eager-austin.188-34-163-140.plesk.page\/?p=4455"},"modified":"2018-02-11T20:00:36","modified_gmt":"2018-02-11T19:00:36","slug":"fastnachtsumzug-teil-3","status":"publish","type":"post","link":"https:\/\/kitabluemli.ch\/en\/fastnachtsumzug-teil-3\/","title":{"rendered":"Fastnachtsumzug (Teil 3)"},"content":{"rendered":"<p>3. Teil unser <a href=\"https:\/\/kitabluemli.ch\/en\/fastnachtsumzug-teil-1\/\">Kinderfasnacht<\/a> Umzug. Confetti werfen, mit einer Tr\u00f6te l\u00e4rmen und gemeinsam feiern, das ist Fasnacht, wenn alles ein bisschen ausser Rand und Band ger\u00e4t, zumindest f\u00fcr einen Nachmittag&#8230;\u00a0unvergessliche Momente f\u00fcr unsere Kinderkrippe und Waldkinderkrippen Kindern.<\/p>\n<div id='gallery-1' class='gallery galleryid-4455 gallery-columns-3 gallery-size-thumbnail'><figure class='gallery-item'>\n\t\t\t<div class='gallery-icon portrait'>\n\t\t\t\t<a href='https:\/\/kitabluemli.ch\/en\/fastnachtsumzug-teil-3\/a96325e6-fa88-432f-b022-ed03b52090ae\/'><img decoding=\"async\" width=\"150\" height=\"150\" src=\"https:\/\/kitabluemli.ch\/wp-content\/uploads\/2018\/02\/a96325e6-fa88-432f-b022-ed03b52090ae-150x150.jpg\" class=\"attachment-thumbnail size-thumbnail\" alt=\"Fasnacht\" title=\"\"><\/a>\n\t\t\t<\/div><\/figure><figure class='gallery-item'>\n\t\t\t<div class='gallery-icon portrait'>\n\t\t\t\t<a href='https:\/\/kitabluemli.ch\/en\/fastnachtsumzug-teil-3\/d3ef0556-6792-4d00-8dc7-b8f81198fd35\/'><img decoding=\"async\" width=\"150\" height=\"150\" src=\"https:\/\/kitabluemli.ch\/wp-content\/uploads\/2018\/02\/d3ef0556-6792-4d00-8dc7-b8f81198fd35-150x150.jpg\" class=\"attachment-thumbnail size-thumbnail\" alt=\"Fasnacht\" title=\"\"><\/a>\n\t\t\t<\/div><\/figure><figure class='gallery-item'>\n\t\t\t<div class='gallery-icon portrait'>\n\t\t\t\t<a href='https:\/\/kitabluemli.ch\/en\/fastnachtsumzug-teil-3\/bd8e1ce0-9d66-4b4b-a813-f054853313ff\/'><img decoding=\"async\" width=\"150\" height=\"150\" src=\"https:\/\/kitabluemli.ch\/wp-content\/uploads\/2018\/02\/bd8e1ce0-9d66-4b4b-a813-f054853313ff-150x150.jpg\" class=\"attachment-thumbnail size-thumbnail\" alt=\"Fasnacht\" title=\"\"><\/a>\n\t\t\t<\/div><\/figure>\n\t\t<\/div>","protected":false},"excerpt":{"rendered":"<p>3. Teil unser Kinderfasnacht Umzug. Confetti werfen, mit einer Tr\u00f6te l\u00e4rmen und gemeinsam feiern, das ist Fasnacht, wenn alles ein bisschen ausser Rand und Band ger\u00e4t, zumindest f\u00fcr einen Nachmittag&#8230;\u00a0unvergessliche Momente f\u00fcr unsere Kinderkrippe und Waldkinderkrippen Kindern.<\/p>","protected":false},"author":2,"featured_media":4458,"comment_status":"closed","ping_status":"closed","sticky":false,"template":"","format":"gallery","meta":{"footnotes":""},"categories":[519,520],"tags":[],"class_list":["post-4455","post","type-post","status-publish","format-gallery","has-post-thumbnail","hentry","category-kinderkrippe-blog","category-waldkinderkrippe-blog","post_format-post-format-gallery"],"_links":{"self":[{"href":"https:\/\/kitabluemli.ch\/en\/wp-json\/wp\/v2\/posts\/4455","targetHints":{"allow":["GET"]}}],"collection":[{"href":"https:\/\/kitabluemli.ch\/en\/wp-json\/wp\/v2\/posts"}],"about":[{"href":"https:\/\/kitabluemli.ch\/en\/wp-json\/wp\/v2\/types\/post"}],"author":[{"embeddable":true,"href":"https:\/\/kitabluemli.ch\/en\/wp-json\/wp\/v2\/users\/2"}],"replies":[{"embeddable":true,"href":"https:\/\/kitabluemli.ch\/en\/wp-json\/wp\/v2\/comments?post=4455"}],"version-history":[{"count":0,"href":"https:\/\/kitabluemli.ch\/en\/wp-json\/wp\/v2\/posts\/4455\/revisions"}],"wp:featuredmedia":[{"embeddable":true,"href":"https:\/\/kitabluemli.ch\/en\/wp-json\/wp\/v2\/media\/4458"}],"wp:attachment":[{"href":"https:\/\/kitabluemli.ch\/en\/wp-json\/wp\/v2\/media?parent=4455"}],"wp:term":[{"taxonomy":"category","embeddable":true,"href":"https:\/\/kitabluemli.ch\/en\/wp-json\/wp\/v2\/categories?post=4455"},{"taxonomy":"post_tag","embeddable":true,"href":"https:\/\/kitabluemli.ch\/en\/wp-json\/wp\/v2\/tags?post=4455"}],"curies":[{"name":"wp","href":"https:\/\/api.w.org\/{rel}","templated":true}]}}