{"id":4465,"date":"2018-02-13T07:00:46","date_gmt":"2018-02-13T06:00:46","guid":{"rendered":"https:\/\/eager-austin.188-34-163-140.plesk.page\/?p=4465"},"modified":"2024-12-14T11:21:59","modified_gmt":"2024-12-14T10:21:59","slug":"was-tun-bei-regen","status":"publish","type":"post","link":"https:\/\/kitabluemli.ch\/en\/was-tun-bei-regen\/","title":{"rendered":"Was tun bei Regen"},"content":{"rendered":"<p>Das Spezielle bei unserer <a href=\"https:\/\/kitabluemli.ch\/en\/\">Forest Daycare<\/a> ist, dass die Kinder bei starkem Regen, Gewitter oder K\u00e4lte die M\u00f6glichkeit haben in die gem\u00fctlichen R\u00e4umlichkeiten der Kita zu bleiben.<\/p>","protected":false},"excerpt":{"rendered":"<p>Das Spezielle bei unserer Waldkinderkrippe ist, dass die Kinder bei starkem Regen, Gewitter oder K\u00e4lte die M\u00f6glichkeit haben in die gem\u00fctlichen R\u00e4umlichkeiten der Kita zu bleiben.<\/p>","protected":false},"author":2,"featured_media":4466,"comment_status":"closed","ping_status":"closed","sticky":false,"template":"","format":"standard","meta":{"footnotes":""},"categories":[520],"tags":[],"class_list":["post-4465","post","type-post","status-publish","format-standard","has-post-thumbnail","hentry","category-waldkinderkrippe-blog"],"_links":{"self":[{"href":"https:\/\/kitabluemli.ch\/en\/wp-json\/wp\/v2\/posts\/4465","targetHints":{"allow":["GET"]}}],"collection":[{"href":"https:\/\/kitabluemli.ch\/en\/wp-json\/wp\/v2\/posts"}],"about":[{"href":"https:\/\/kitabluemli.ch\/en\/wp-json\/wp\/v2\/types\/post"}],"author":[{"embeddable":true,"href":"https:\/\/kitabluemli.ch\/en\/wp-json\/wp\/v2\/users\/2"}],"replies":[{"embeddable":true,"href":"https:\/\/kitabluemli.ch\/en\/wp-json\/wp\/v2\/comments?post=4465"}],"version-history":[{"count":0,"href":"https:\/\/kitabluemli.ch\/en\/wp-json\/wp\/v2\/posts\/4465\/revisions"}],"wp:featuredmedia":[{"embeddable":true,"href":"https:\/\/kitabluemli.ch\/en\/wp-json\/wp\/v2\/media\/4466"}],"wp:attachment":[{"href":"https:\/\/kitabluemli.ch\/en\/wp-json\/wp\/v2\/media?parent=4465"}],"wp:term":[{"taxonomy":"category","embeddable":true,"href":"https:\/\/kitabluemli.ch\/en\/wp-json\/wp\/v2\/categories?post=4465"},{"taxonomy":"post_tag","embeddable":true,"href":"https:\/\/kitabluemli.ch\/en\/wp-json\/wp\/v2\/tags?post=4465"}],"curies":[{"name":"wp","href":"https:\/\/api.w.org\/{rel}","templated":true}]}}