{"id":4486,"date":"2018-02-16T20:00:43","date_gmt":"2018-02-16T19:00:43","guid":{"rendered":"https:\/\/eager-austin.188-34-163-140.plesk.page\/?p=4486"},"modified":"2018-02-16T20:00:43","modified_gmt":"2018-02-16T19:00:43","slug":"unterwegs-zur-waldkita","status":"publish","type":"post","link":"https:\/\/kitabluemli.ch\/en\/unterwegs-zur-waldkita\/","title":{"rendered":"Unterwegs zur Waldkita"},"content":{"rendered":"<p>Eine weitere erlebnisreiche Woche geht zu ende, m\u00fcde aber zufrieden geht es munter zur Waldkita zur\u00fcck. Selbstst\u00e4ndigkeit, Selbstvertrauen, beobachten, fragen, ausprobieren und entdecken. Wir bereiten die Kinder in unsere <a href=\"https:\/\/kitabluemli.ch\/en\/\">Daycare<\/a> auf das Leben vor.<\/p>","protected":false},"excerpt":{"rendered":"<p>Eine weitere erlebnisreiche Woche geht zu ende, m\u00fcde aber zufrieden geht es munter zur Waldkita zur\u00fcck. Selbstst\u00e4ndigkeit, Selbstvertrauen, beobachten, fragen, ausprobieren und entdecken. Wir bereiten die Kinder in unsere Kinderkrippe auf das Leben vor.<\/p>","protected":false},"author":2,"featured_media":4487,"comment_status":"closed","ping_status":"closed","sticky":false,"template":"","format":"standard","meta":{"footnotes":""},"categories":[520],"tags":[],"class_list":["post-4486","post","type-post","status-publish","format-standard","has-post-thumbnail","hentry","category-waldkinderkrippe-blog"],"_links":{"self":[{"href":"https:\/\/kitabluemli.ch\/en\/wp-json\/wp\/v2\/posts\/4486","targetHints":{"allow":["GET"]}}],"collection":[{"href":"https:\/\/kitabluemli.ch\/en\/wp-json\/wp\/v2\/posts"}],"about":[{"href":"https:\/\/kitabluemli.ch\/en\/wp-json\/wp\/v2\/types\/post"}],"author":[{"embeddable":true,"href":"https:\/\/kitabluemli.ch\/en\/wp-json\/wp\/v2\/users\/2"}],"replies":[{"embeddable":true,"href":"https:\/\/kitabluemli.ch\/en\/wp-json\/wp\/v2\/comments?post=4486"}],"version-history":[{"count":0,"href":"https:\/\/kitabluemli.ch\/en\/wp-json\/wp\/v2\/posts\/4486\/revisions"}],"wp:featuredmedia":[{"embeddable":true,"href":"https:\/\/kitabluemli.ch\/en\/wp-json\/wp\/v2\/media\/4487"}],"wp:attachment":[{"href":"https:\/\/kitabluemli.ch\/en\/wp-json\/wp\/v2\/media?parent=4486"}],"wp:term":[{"taxonomy":"category","embeddable":true,"href":"https:\/\/kitabluemli.ch\/en\/wp-json\/wp\/v2\/categories?post=4486"},{"taxonomy":"post_tag","embeddable":true,"href":"https:\/\/kitabluemli.ch\/en\/wp-json\/wp\/v2\/tags?post=4486"}],"curies":[{"name":"wp","href":"https:\/\/api.w.org\/{rel}","templated":true}]}}