{"id":4554,"date":"2018-02-19T12:00:11","date_gmt":"2018-02-19T11:00:11","guid":{"rendered":"https:\/\/eager-austin.188-34-163-140.plesk.page\/?p=4554"},"modified":"2025-01-03T15:01:40","modified_gmt":"2025-01-03T14:01:40","slug":"der-fruehling-kommt","status":"publish","type":"post","link":"https:\/\/kitabluemli.ch\/en\/der-fruehling-kommt\/","title":{"rendered":"Der Fr\u00fchling kommt&#8230;"},"content":{"rendered":"<p>Der Fr\u00fchling kommt&#8230; Fr\u00fchlingsbl\u00fcher symbolisieren f\u00fcr uns Lebensfreude, neue Energie und das Erwachen der Natur.\u00a0Viele fr\u00fch bl\u00fchende Blumen bringen die Farben Gelb, Orange, Rot und Weiss in den Garten. Aber auch Blau und Violett sind vertreten und setzen die sch\u00f6nsten Akzente.<\/p>","protected":false},"excerpt":{"rendered":"<p>Der Fr\u00fchling kommt&#8230; Fr\u00fchlingsbl\u00fcher symbolisieren f\u00fcr uns Lebensfreude, neue Energie und das Erwachen der Natur.\u00a0Viele fr\u00fch bl\u00fchende Blumen bringen die Farben Gelb, Orange, Rot und Weiss in den Garten. Aber auch Blau und Violett sind vertreten und setzen die sch\u00f6nsten Akzente.<\/p>","protected":false},"author":2,"featured_media":4555,"comment_status":"closed","ping_status":"closed","sticky":false,"template":"","format":"standard","meta":{"footnotes":""},"categories":[520],"tags":[],"class_list":["post-4554","post","type-post","status-publish","format-standard","has-post-thumbnail","hentry","category-waldkinderkrippe-blog"],"_links":{"self":[{"href":"https:\/\/kitabluemli.ch\/en\/wp-json\/wp\/v2\/posts\/4554","targetHints":{"allow":["GET"]}}],"collection":[{"href":"https:\/\/kitabluemli.ch\/en\/wp-json\/wp\/v2\/posts"}],"about":[{"href":"https:\/\/kitabluemli.ch\/en\/wp-json\/wp\/v2\/types\/post"}],"author":[{"embeddable":true,"href":"https:\/\/kitabluemli.ch\/en\/wp-json\/wp\/v2\/users\/2"}],"replies":[{"embeddable":true,"href":"https:\/\/kitabluemli.ch\/en\/wp-json\/wp\/v2\/comments?post=4554"}],"version-history":[{"count":0,"href":"https:\/\/kitabluemli.ch\/en\/wp-json\/wp\/v2\/posts\/4554\/revisions"}],"wp:featuredmedia":[{"embeddable":true,"href":"https:\/\/kitabluemli.ch\/en\/wp-json\/wp\/v2\/media\/4555"}],"wp:attachment":[{"href":"https:\/\/kitabluemli.ch\/en\/wp-json\/wp\/v2\/media?parent=4554"}],"wp:term":[{"taxonomy":"category","embeddable":true,"href":"https:\/\/kitabluemli.ch\/en\/wp-json\/wp\/v2\/categories?post=4554"},{"taxonomy":"post_tag","embeddable":true,"href":"https:\/\/kitabluemli.ch\/en\/wp-json\/wp\/v2\/tags?post=4554"}],"curies":[{"name":"wp","href":"https:\/\/api.w.org\/{rel}","templated":true}]}}