{"id":4562,"date":"2018-02-20T07:00:21","date_gmt":"2018-02-20T06:00:21","guid":{"rendered":"https:\/\/eager-austin.188-34-163-140.plesk.page\/?p=4562"},"modified":"2025-01-03T15:01:31","modified_gmt":"2025-01-03T14:01:31","slug":"parkour-farbe-gruen-teil-1","status":"publish","type":"post","link":"https:\/\/kitabluemli.ch\/en\/parkour-farbe-gruen-teil-1\/","title":{"rendered":"Parkour &#8211; Farbe gr\u00fcn &#8211; Teil 1"},"content":{"rendered":"<p>Die Farbe Gr\u00fcn: Gr\u00fcn ist die Farbe der Mitte. In seiner vollendeten Neutralit\u00e4t zwischen allen Extremen, wirkt es beruhigend, ohne zu erm\u00fcden. Die Farbe Gr\u00fcn f\u00f6rdert Eigenschaften wie Hilfsbereitschaft, Ausdauer, Toleranz und Zufriedenheit. Unser Farb Parkour begeistert und ist lehrreich.<\/p>\n<div id='gallery-1' class='gallery galleryid-4562 gallery-columns-3 gallery-size-thumbnail'><figure class='gallery-item'>\n\t\t\t<div class='gallery-icon portrait'>\n\t\t\t\t<a href='https:\/\/kitabluemli.ch\/en\/parkour-farbe-gruen-teil-1\/13f22e3c-3636-4f69-b2e7-4b1d550fcd01\/'><img decoding=\"async\" width=\"150\" height=\"150\" src=\"https:\/\/kitabluemli.ch\/wp-content\/uploads\/2018\/02\/13f22e3c-3636-4f69-b2e7-4b1d550fcd01-150x150.jpg\" class=\"attachment-thumbnail size-thumbnail\" alt=\"Parkour\" title=\"\"><\/a>\n\t\t\t<\/div><\/figure><figure class='gallery-item'>\n\t\t\t<div class='gallery-icon portrait'>\n\t\t\t\t<a href='https:\/\/kitabluemli.ch\/en\/parkour-farbe-gruen-teil-1\/69e59489-0e11-4791-bb29-c731db8268bf\/'><img decoding=\"async\" width=\"150\" height=\"150\" src=\"https:\/\/kitabluemli.ch\/wp-content\/uploads\/2018\/02\/69e59489-0e11-4791-bb29-c731db8268bf-150x150.jpg\" class=\"attachment-thumbnail size-thumbnail\" alt=\"Parkour\" title=\"\"><\/a>\n\t\t\t<\/div><\/figure><figure class='gallery-item'>\n\t\t\t<div class='gallery-icon portrait'>\n\t\t\t\t<a href='https:\/\/kitabluemli.ch\/en\/parkour-farbe-gruen-teil-1\/65a781f9-7846-48a3-b69e-ea82148edc0b\/'><img decoding=\"async\" width=\"150\" height=\"150\" src=\"https:\/\/kitabluemli.ch\/wp-content\/uploads\/2018\/02\/65a781f9-7846-48a3-b69e-ea82148edc0b-150x150.jpg\" class=\"attachment-thumbnail size-thumbnail\" alt=\"Parkour\" title=\"\"><\/a>\n\t\t\t<\/div><\/figure>\n\t\t<\/div>","protected":false},"excerpt":{"rendered":"<p>Die Farbe Gr\u00fcn: Gr\u00fcn ist die Farbe der Mitte. In seiner vollendeten Neutralit\u00e4t zwischen allen Extremen, wirkt es beruhigend, ohne zu erm\u00fcden. Die Farbe Gr\u00fcn f\u00f6rdert Eigenschaften wie Hilfsbereitschaft, Ausdauer, Toleranz und Zufriedenheit. Unser Farb Parkour begeistert und ist lehrreich.<\/p>","protected":false},"author":2,"featured_media":4564,"comment_status":"closed","ping_status":"closed","sticky":false,"template":"","format":"gallery","meta":{"footnotes":""},"categories":[519],"tags":[],"class_list":["post-4562","post","type-post","status-publish","format-gallery","has-post-thumbnail","hentry","category-kinderkrippe-blog","post_format-post-format-gallery"],"_links":{"self":[{"href":"https:\/\/kitabluemli.ch\/en\/wp-json\/wp\/v2\/posts\/4562","targetHints":{"allow":["GET"]}}],"collection":[{"href":"https:\/\/kitabluemli.ch\/en\/wp-json\/wp\/v2\/posts"}],"about":[{"href":"https:\/\/kitabluemli.ch\/en\/wp-json\/wp\/v2\/types\/post"}],"author":[{"embeddable":true,"href":"https:\/\/kitabluemli.ch\/en\/wp-json\/wp\/v2\/users\/2"}],"replies":[{"embeddable":true,"href":"https:\/\/kitabluemli.ch\/en\/wp-json\/wp\/v2\/comments?post=4562"}],"version-history":[{"count":0,"href":"https:\/\/kitabluemli.ch\/en\/wp-json\/wp\/v2\/posts\/4562\/revisions"}],"wp:featuredmedia":[{"embeddable":true,"href":"https:\/\/kitabluemli.ch\/en\/wp-json\/wp\/v2\/media\/4564"}],"wp:attachment":[{"href":"https:\/\/kitabluemli.ch\/en\/wp-json\/wp\/v2\/media?parent=4562"}],"wp:term":[{"taxonomy":"category","embeddable":true,"href":"https:\/\/kitabluemli.ch\/en\/wp-json\/wp\/v2\/categories?post=4562"},{"taxonomy":"post_tag","embeddable":true,"href":"https:\/\/kitabluemli.ch\/en\/wp-json\/wp\/v2\/tags?post=4562"}],"curies":[{"name":"wp","href":"https:\/\/api.w.org\/{rel}","templated":true}]}}