{"id":4588,"date":"2018-02-21T16:00:16","date_gmt":"2018-02-21T15:00:16","guid":{"rendered":"https:\/\/eager-austin.188-34-163-140.plesk.page\/?p=4588"},"modified":"2018-02-21T16:00:16","modified_gmt":"2018-02-21T15:00:16","slug":"schneemann-bauen","status":"publish","type":"post","link":"https:\/\/kitabluemli.ch\/en\/schneemann-bauen\/","title":{"rendered":"Schneemann bauen"},"content":{"rendered":"<p>Zusammen einen Schneemann zu bauen, macht Riesen Spass. Unglaublich was Kinderh\u00e4nde alles erschaffen k\u00f6nnen. Der <a href=\"https:\/\/kitabluemli.ch\/en\/schneemann-basteln\/\">Kreativit\u00e4t<\/a> wird keine Grenzen gesetzt&#8230; los hilf mit!<\/p>\n<div id='gallery-1' class='gallery galleryid-4588 gallery-columns-3 gallery-size-thumbnail'><figure class='gallery-item'>\n\t\t\t<div class='gallery-icon landscape'>\n\t\t\t\t<a href='https:\/\/kitabluemli.ch\/en\/schneemann-bauen\/schneemann-bauen-1\/'><img decoding=\"async\" width=\"150\" height=\"150\" src=\"https:\/\/kitabluemli.ch\/wp-content\/uploads\/2018\/02\/schneemann-bauen-1-150x150.jpg\" class=\"attachment-thumbnail size-thumbnail\" alt=\"Schneemann bauen 1\" title=\"\"><\/a>\n\t\t\t<\/div><\/figure><figure class='gallery-item'>\n\t\t\t<div class='gallery-icon landscape'>\n\t\t\t\t<a href='https:\/\/kitabluemli.ch\/en\/schneemann-bauen\/schneemann-bauen-2\/'><img decoding=\"async\" width=\"150\" height=\"150\" src=\"https:\/\/kitabluemli.ch\/wp-content\/uploads\/2018\/02\/schneemann-bauen-2-150x150.jpg\" class=\"attachment-thumbnail size-thumbnail\" alt=\"Schneemann bauen 2\" title=\"\"><\/a>\n\t\t\t<\/div><\/figure>\n\t\t<\/div>","protected":false},"excerpt":{"rendered":"<p>Zusammen einen Schneemann zu bauen, macht Riesen Spass. Unglaublich was Kinderh\u00e4nde alles erschaffen k\u00f6nnen. Der Kreativit\u00e4t wird keine Grenzen gesetzt&#8230; los hilf mit!<\/p>","protected":false},"author":2,"featured_media":4590,"comment_status":"closed","ping_status":"closed","sticky":false,"template":"","format":"gallery","meta":{"footnotes":""},"categories":[520],"tags":[],"class_list":["post-4588","post","type-post","status-publish","format-gallery","has-post-thumbnail","hentry","category-waldkinderkrippe-blog","post_format-post-format-gallery"],"_links":{"self":[{"href":"https:\/\/kitabluemli.ch\/en\/wp-json\/wp\/v2\/posts\/4588","targetHints":{"allow":["GET"]}}],"collection":[{"href":"https:\/\/kitabluemli.ch\/en\/wp-json\/wp\/v2\/posts"}],"about":[{"href":"https:\/\/kitabluemli.ch\/en\/wp-json\/wp\/v2\/types\/post"}],"author":[{"embeddable":true,"href":"https:\/\/kitabluemli.ch\/en\/wp-json\/wp\/v2\/users\/2"}],"replies":[{"embeddable":true,"href":"https:\/\/kitabluemli.ch\/en\/wp-json\/wp\/v2\/comments?post=4588"}],"version-history":[{"count":0,"href":"https:\/\/kitabluemli.ch\/en\/wp-json\/wp\/v2\/posts\/4588\/revisions"}],"wp:featuredmedia":[{"embeddable":true,"href":"https:\/\/kitabluemli.ch\/en\/wp-json\/wp\/v2\/media\/4590"}],"wp:attachment":[{"href":"https:\/\/kitabluemli.ch\/en\/wp-json\/wp\/v2\/media?parent=4588"}],"wp:term":[{"taxonomy":"category","embeddable":true,"href":"https:\/\/kitabluemli.ch\/en\/wp-json\/wp\/v2\/categories?post=4588"},{"taxonomy":"post_tag","embeddable":true,"href":"https:\/\/kitabluemli.ch\/en\/wp-json\/wp\/v2\/tags?post=4588"}],"curies":[{"name":"wp","href":"https:\/\/api.w.org\/{rel}","templated":true}]}}