{"id":4611,"date":"2018-02-23T12:00:36","date_gmt":"2018-02-23T11:00:36","guid":{"rendered":"https:\/\/eager-austin.188-34-163-140.plesk.page\/?p=4611"},"modified":"2018-02-23T12:00:36","modified_gmt":"2018-02-23T11:00:36","slug":"essen-im-wald","status":"publish","type":"post","link":"https:\/\/kitabluemli.ch\/en\/essen-im-wald\/","title":{"rendered":"Essen im Wald"},"content":{"rendered":"<p>Die <a href=\"https:\/\/kitabluemli.ch\/en\/wenn-der-hunger-kommt\/\">Waldkinderkrippen<\/a> Kinder lernen, die Ern\u00e4hrung bewusst als wichtigen Teil ihres Lebens wahrzunehmen und zu respektieren. Zusammenleben und gemeinsam essen hilft den Kindern die sozialen Gef\u00fcge einzusch\u00e4tzen und zu lernen.<\/p>\n<p><a href=\"https:\/\/insider.lunchgate.ch\/hier-findest-du-zuerichs-beste-grillplaetze\/\" target=\"_blank\" rel=\"noopener\">Hier<\/a> findet Ihr mehrere P\u00e4rke und Pl\u00e4tze mit Grillm\u00f6glichkeiten in Z\u00fcrich als Ideen f\u00fcr den bevorstehenden Fr\u00fchling. Eure Kinder werden sich sichere freuen.<\/p>\n<p>Hier noch einige Tipps:<\/p>\n<ul>\n<li>Benutzt, wenn m\u00f6glich keinen Einweggrill, vor allem nicht auf dem Rasen, denn das gibt unsch\u00f6ne L\u00f6cher.<\/li>\n<li>Selber marinieren ist einfach und schmeckt am besten.<\/li>\n<li>Als Beilagen sind Baked Potatoes aus der Alufolie mit Sauerrahm lecker und einfach.<\/li>\n<\/ul>\n<p>Und zum Schluss wie sagt man denn eigentlich, grillen oder grillieren? Ganz einfach, wir in der Schweiz benutzen den Helvetismus. Grillieren! Oder noch besser: Br\u00f6tl\u00e4! Viel Spass.<\/p>","protected":false},"excerpt":{"rendered":"<p>Die Waldkinderkrippen Kinder lernen, die Ern\u00e4hrung bewusst als wichtigen Teil ihres Lebens wahrzunehmen und zu respektieren. Zusammenleben und gemeinsam essen hilft den Kindern die sozialen Gef\u00fcge einzusch\u00e4tzen und zu lernen. Hier findet Ihr mehrere P\u00e4rke und Pl\u00e4tze mit Grillm\u00f6glichkeiten in Z\u00fcrich als Ideen f\u00fcr den bevorstehenden Fr\u00fchling. Eure Kinder werden sich sichere freuen. Hier noch [&hellip;]<\/p>\n","protected":false},"author":2,"featured_media":4612,"comment_status":"closed","ping_status":"closed","sticky":false,"template":"","format":"standard","meta":{"footnotes":""},"categories":[520],"tags":[],"class_list":["post-4611","post","type-post","status-publish","format-standard","has-post-thumbnail","hentry","category-waldkinderkrippe-blog"],"_links":{"self":[{"href":"https:\/\/kitabluemli.ch\/en\/wp-json\/wp\/v2\/posts\/4611","targetHints":{"allow":["GET"]}}],"collection":[{"href":"https:\/\/kitabluemli.ch\/en\/wp-json\/wp\/v2\/posts"}],"about":[{"href":"https:\/\/kitabluemli.ch\/en\/wp-json\/wp\/v2\/types\/post"}],"author":[{"embeddable":true,"href":"https:\/\/kitabluemli.ch\/en\/wp-json\/wp\/v2\/users\/2"}],"replies":[{"embeddable":true,"href":"https:\/\/kitabluemli.ch\/en\/wp-json\/wp\/v2\/comments?post=4611"}],"version-history":[{"count":0,"href":"https:\/\/kitabluemli.ch\/en\/wp-json\/wp\/v2\/posts\/4611\/revisions"}],"wp:featuredmedia":[{"embeddable":true,"href":"https:\/\/kitabluemli.ch\/en\/wp-json\/wp\/v2\/media\/4612"}],"wp:attachment":[{"href":"https:\/\/kitabluemli.ch\/en\/wp-json\/wp\/v2\/media?parent=4611"}],"wp:term":[{"taxonomy":"category","embeddable":true,"href":"https:\/\/kitabluemli.ch\/en\/wp-json\/wp\/v2\/categories?post=4611"},{"taxonomy":"post_tag","embeddable":true,"href":"https:\/\/kitabluemli.ch\/en\/wp-json\/wp\/v2\/tags?post=4611"}],"curies":[{"name":"wp","href":"https:\/\/api.w.org\/{rel}","templated":true}]}}