{"id":4622,"date":"2018-02-23T16:00:28","date_gmt":"2018-02-23T15:00:28","guid":{"rendered":"https:\/\/eager-austin.188-34-163-140.plesk.page\/?p=4622"},"modified":"2018-02-23T16:00:28","modified_gmt":"2018-02-23T15:00:28","slug":"wochenende","status":"publish","type":"post","link":"https:\/\/kitabluemli.ch\/en\/wochenende\/","title":{"rendered":"Wochenende"},"content":{"rendered":"<p>Das Wochenende steht vor der T\u00fcr&#8230; eine <a href=\"https:\/\/kitabluemli.ch\/en\/spielen-im-schnee\/\">erlebnisreiche<\/a> Woche geht zu ende. Was haben wir alles erlebt, neue Freundschaften gefunden, <a href=\"https:\/\/kitabluemli.ch\/en\/basteln-im-wald\/\">gebastelt<\/a>, gesunden und zusammen gefeiert. Wir freuen uns euch n\u00e4chste Woche wider bei uns begr\u00fcssen zu d\u00fcrfen\u2026 bis bald&#8230;<\/p>\n<div id='gallery-1' class='gallery galleryid-4622 gallery-columns-3 gallery-size-thumbnail'><figure class='gallery-item'>\n\t\t\t<div class='gallery-icon portrait'>\n\t\t\t\t<a href='https:\/\/kitabluemli.ch\/en\/wochenende\/wochenende-1\/'><img decoding=\"async\" width=\"150\" height=\"150\" src=\"https:\/\/kitabluemli.ch\/wp-content\/uploads\/2018\/02\/wochenende-1-150x150.jpg\" class=\"attachment-thumbnail size-thumbnail\" alt=\"Wochenende 1\" title=\"\"><\/a>\n\t\t\t<\/div><\/figure><figure class='gallery-item'>\n\t\t\t<div class='gallery-icon portrait'>\n\t\t\t\t<a href='https:\/\/kitabluemli.ch\/en\/wochenende\/wochenende-2\/'><img decoding=\"async\" width=\"150\" height=\"150\" src=\"https:\/\/kitabluemli.ch\/wp-content\/uploads\/2018\/02\/wochenende-2-150x150.jpg\" class=\"attachment-thumbnail size-thumbnail\" alt=\"Wochenende 2\" title=\"\"><\/a>\n\t\t\t<\/div><\/figure><figure class='gallery-item'>\n\t\t\t<div class='gallery-icon portrait'>\n\t\t\t\t<a href='https:\/\/kitabluemli.ch\/en\/wochenende\/wochenende-3\/'><img decoding=\"async\" width=\"150\" height=\"150\" src=\"https:\/\/kitabluemli.ch\/wp-content\/uploads\/2018\/02\/wochenende-3-150x150.jpg\" class=\"attachment-thumbnail size-thumbnail\" alt=\"Wochenende 3\" title=\"\"><\/a>\n\t\t\t<\/div><\/figure>\n\t\t<\/div>","protected":false},"excerpt":{"rendered":"<p>Das Wochenende steht vor der T\u00fcr&#8230; eine erlebnisreiche Woche geht zu ende. Was haben wir alles erlebt, neue Freundschaften gefunden, gebastelt, gesunden und zusammen gefeiert. Wir freuen uns euch n\u00e4chste Woche wider bei uns begr\u00fcssen zu d\u00fcrfen\u2026 bis bald&#8230;<\/p>","protected":false},"author":2,"featured_media":4625,"comment_status":"closed","ping_status":"closed","sticky":false,"template":"","format":"gallery","meta":{"footnotes":""},"categories":[519,520],"tags":[],"class_list":["post-4622","post","type-post","status-publish","format-gallery","has-post-thumbnail","hentry","category-kinderkrippe-blog","category-waldkinderkrippe-blog","post_format-post-format-gallery"],"_links":{"self":[{"href":"https:\/\/kitabluemli.ch\/en\/wp-json\/wp\/v2\/posts\/4622","targetHints":{"allow":["GET"]}}],"collection":[{"href":"https:\/\/kitabluemli.ch\/en\/wp-json\/wp\/v2\/posts"}],"about":[{"href":"https:\/\/kitabluemli.ch\/en\/wp-json\/wp\/v2\/types\/post"}],"author":[{"embeddable":true,"href":"https:\/\/kitabluemli.ch\/en\/wp-json\/wp\/v2\/users\/2"}],"replies":[{"embeddable":true,"href":"https:\/\/kitabluemli.ch\/en\/wp-json\/wp\/v2\/comments?post=4622"}],"version-history":[{"count":0,"href":"https:\/\/kitabluemli.ch\/en\/wp-json\/wp\/v2\/posts\/4622\/revisions"}],"wp:featuredmedia":[{"embeddable":true,"href":"https:\/\/kitabluemli.ch\/en\/wp-json\/wp\/v2\/media\/4625"}],"wp:attachment":[{"href":"https:\/\/kitabluemli.ch\/en\/wp-json\/wp\/v2\/media?parent=4622"}],"wp:term":[{"taxonomy":"category","embeddable":true,"href":"https:\/\/kitabluemli.ch\/en\/wp-json\/wp\/v2\/categories?post=4622"},{"taxonomy":"post_tag","embeddable":true,"href":"https:\/\/kitabluemli.ch\/en\/wp-json\/wp\/v2\/tags?post=4622"}],"curies":[{"name":"wp","href":"https:\/\/api.w.org\/{rel}","templated":true}]}}