{"id":4777,"date":"2018-02-26T08:00:14","date_gmt":"2018-02-26T07:00:14","guid":{"rendered":"https:\/\/eager-austin.188-34-163-140.plesk.page\/?p=4777"},"modified":"2018-02-26T08:00:14","modified_gmt":"2018-02-26T07:00:14","slug":"auf-der-mauer-auf-der-lauer-kinderlied","status":"publish","type":"post","link":"https:\/\/kitabluemli.ch\/en\/auf-der-mauer-auf-der-lauer-kinderlied\/","title":{"rendered":"Auf der Mauer, auf der Lauer &#8211; Kinderlied"},"content":{"rendered":"<p>&#171;Auf der Mauer, auf der Lauer&#187; ist ein L\u00fcckentext-Lied f\u00fcr Kinder. Bei jeder Strophe werden bei den W\u00f6rtern &#171;Wanze&#187; und &#171;tanzen&#187; einzelne Buchstaben weggelassen, bis am Ende das komplette Wort weggelassen wird. Das Lied wurde ca. Anfang des 20. Jahrhunderts geschrieben. Verfasser und Komponist dieses Kinderlied unbekannt!<\/p>\n<p>&nbsp;<\/p>\n<p><strong>Auf der Mauer, auf der Lauer<\/strong><\/p>\n<p>1. Auf der Mauer, auf der Lauer<br \/>\nsitzt &#8217;ne kleine Wanze.<br \/>\nSeht Euch mal die Wanze an,<br \/>\nwie die Wanze tanzen kann.<br \/>\nAuf der Mauer, auf der Lauer<br \/>\nsitzt &#8217;ne kleine Wanze.<\/p>\n<div id=\"text\">\n<p>2. Auf der Mauer, auf der Lauer<br \/>\nsitzt &#8217;ne kleine Wanz.<br \/>\nSeht Euch mal die Wanz an,<br \/>\nwie die Wanz tanz kann.<br \/>\nAuf der Mauer, auf der Lauer<br \/>\nsitzt &#8217;ne kleine Wanz.<\/p>\n<p>3. Auf der Mauer, auf der Lauer<br \/>\nsitzt &#8217;ne kleine Wan.<br \/>\nSeht Euch mal die Wan an,<br \/>\nwie die Wan tan kann.<br \/>\nAuf der Mauer, auf der Lauer<br \/>\nsitzt &#8217;ne kleine Wan.<\/p>\n<p>4. Auf der Mauer, auf der Lauer<br \/>\nsitzt &#8217;ne kleine Wa.<br \/>\nSeht Euch mal die Wa an,<br \/>\nwie die Wa ta kann.<br \/>\nAuf der Mauer, auf der Lauer<br \/>\nsitzt &#8217;ne kleine Wa.<\/p>\n<p>5. Auf der Mauer, auf der Lauer<br \/>\nsitzt &#8217;ne kleine W.<br \/>\nSeht Euch mal die W an,<br \/>\nwie die W t kann.<br \/>\nAuf der Mauer, auf der Lauer<br \/>\nsitzt &#8217;ne kleine W.<\/p>\n<p>Weitere Kinderlieder auf <a href=\"http:\/\/www.liederkiste.com\/\" target=\"_blank\" rel=\"noopener\">Liederkiste<\/a><\/p>\n<div id='gallery-1' class='gallery galleryid-4777 gallery-columns-3 gallery-size-thumbnail'><figure class='gallery-item'>\n\t\t\t<div class='gallery-icon portrait'>\n\t\t\t\t<a href=\"https:\/\/kitabluemli.ch\/en\/auf-der-mauer-auf-der-lauer-kinderlied\/kinderlied-01\/\"><img decoding=\"async\" width=\"150\" height=\"150\" src=\"https:\/\/kitabluemli.ch\/wp-content\/uploads\/2018\/02\/kinderlied.01-150x150.jpg\" class=\"attachment-thumbnail size-thumbnail\" alt=\"kinderlied\" title=\"\"><\/a>\n\t\t\t<\/div><\/figure><figure class='gallery-item'>\n\t\t\t<div class='gallery-icon landscape'>\n\t\t\t\t<a href=\"https:\/\/kitabluemli.ch\/en\/auf-der-mauer-auf-der-lauer-kinderlied\/kinderlied-02\/\"><img decoding=\"async\" width=\"150\" height=\"150\" src=\"https:\/\/kitabluemli.ch\/wp-content\/uploads\/2018\/02\/kinderlied.02-150x150.jpg\" class=\"attachment-thumbnail size-thumbnail\" alt=\"kinderlied\" title=\"\"><\/a>\n\t\t\t<\/div><\/figure><figure class='gallery-item'>\n\t\t\t<div class='gallery-icon landscape'>\n\t\t\t\t<a href=\"https:\/\/kitabluemli.ch\/en\/auf-der-mauer-auf-der-lauer-kinderlied\/kinderlied-03\/\"><img decoding=\"async\" width=\"150\" height=\"150\" src=\"https:\/\/kitabluemli.ch\/wp-content\/uploads\/2018\/02\/kinderlied.03-150x150.jpg\" class=\"attachment-thumbnail size-thumbnail\" alt=\"kinderlied\" title=\"\"><\/a>\n\t\t\t<\/div><\/figure>\n\t\t<\/div>\n\n<\/div>","protected":false},"excerpt":{"rendered":"<p>&#171;Auf der Mauer, auf der Lauer&#187; ist ein L\u00fcckentext-Lied f\u00fcr Kinder. Bei jeder Strophe werden bei den W\u00f6rtern &#171;Wanze&#187; und &#171;tanzen&#187; einzelne Buchstaben weggelassen, bis am Ende das komplette Wort weggelassen wird. Das Lied wurde ca. Anfang des 20. Jahrhunderts geschrieben. Verfasser und Komponist dieses Kinderlied unbekannt! &nbsp; Auf der Mauer, auf der Lauer 1. [&hellip;]<\/p>\n","protected":false},"author":2,"featured_media":4779,"comment_status":"closed","ping_status":"closed","sticky":false,"template":"","format":"gallery","meta":{"footnotes":""},"categories":[519,520],"tags":[],"class_list":["post-4777","post","type-post","status-publish","format-gallery","has-post-thumbnail","hentry","category-kinderkrippe-blog","category-waldkinderkrippe-blog","post_format-post-format-gallery"],"_links":{"self":[{"href":"https:\/\/kitabluemli.ch\/en\/wp-json\/wp\/v2\/posts\/4777","targetHints":{"allow":["GET"]}}],"collection":[{"href":"https:\/\/kitabluemli.ch\/en\/wp-json\/wp\/v2\/posts"}],"about":[{"href":"https:\/\/kitabluemli.ch\/en\/wp-json\/wp\/v2\/types\/post"}],"author":[{"embeddable":true,"href":"https:\/\/kitabluemli.ch\/en\/wp-json\/wp\/v2\/users\/2"}],"replies":[{"embeddable":true,"href":"https:\/\/kitabluemli.ch\/en\/wp-json\/wp\/v2\/comments?post=4777"}],"version-history":[{"count":0,"href":"https:\/\/kitabluemli.ch\/en\/wp-json\/wp\/v2\/posts\/4777\/revisions"}],"wp:featuredmedia":[{"embeddable":true,"href":"https:\/\/kitabluemli.ch\/en\/wp-json\/wp\/v2\/media\/4779"}],"wp:attachment":[{"href":"https:\/\/kitabluemli.ch\/en\/wp-json\/wp\/v2\/media?parent=4777"}],"wp:term":[{"taxonomy":"category","embeddable":true,"href":"https:\/\/kitabluemli.ch\/en\/wp-json\/wp\/v2\/categories?post=4777"},{"taxonomy":"post_tag","embeddable":true,"href":"https:\/\/kitabluemli.ch\/en\/wp-json\/wp\/v2\/tags?post=4777"}],"curies":[{"name":"wp","href":"https:\/\/api.w.org\/{rel}","templated":true}]}}