{"id":4784,"date":"2018-02-26T12:00:54","date_gmt":"2018-02-26T11:00:54","guid":{"rendered":"https:\/\/eager-austin.188-34-163-140.plesk.page\/?p=4784"},"modified":"2018-02-26T12:00:54","modified_gmt":"2018-02-26T11:00:54","slug":"baumstaemme","status":"publish","type":"post","link":"https:\/\/kitabluemli.ch\/en\/baumstaemme\/","title":{"rendered":"Baumst\u00e4mme"},"content":{"rendered":"<p>Ertasten, erahnen, erf\u00fchlen&#8230; Auf Baumst\u00e4mme balancieren, aufsteigen und erklimmen. Spielend lernen die Kinder die Natur zu sp\u00fcren. Es gibt grosse und kleine, rauche und glatte St\u00e4mme. Auch die Farben sind verschieden Braun, Gr\u00fcn, Grau und viele mehr.<\/p>\n<div id='gallery-1' class='gallery galleryid-4784 gallery-columns-3 gallery-size-thumbnail'><figure class='gallery-item'>\n\t\t\t<div class='gallery-icon landscape'>\n\t\t\t\t<a href='https:\/\/kitabluemli.ch\/en\/baumstaemme\/baumstaemme-02\/'><img decoding=\"async\" width=\"150\" height=\"150\" src=\"https:\/\/kitabluemli.ch\/wp-content\/uploads\/2018\/02\/baumstaemme.02-150x150.jpg\" class=\"attachment-thumbnail size-thumbnail\" alt=\"baumst\u00e4mme\" title=\"\"><\/a>\n\t\t\t<\/div><\/figure><figure class='gallery-item'>\n\t\t\t<div class='gallery-icon landscape'>\n\t\t\t\t<a href='https:\/\/kitabluemli.ch\/en\/baumstaemme\/baumstaemme-01\/'><img decoding=\"async\" width=\"150\" height=\"150\" src=\"https:\/\/kitabluemli.ch\/wp-content\/uploads\/2018\/02\/baumstaemme.01-150x150.jpg\" class=\"attachment-thumbnail size-thumbnail\" alt=\"baumst\u00e4mme\" title=\"\"><\/a>\n\t\t\t<\/div><\/figure>\n\t\t<\/div>","protected":false},"excerpt":{"rendered":"<p>Ertasten, erahnen, erf\u00fchlen&#8230; Auf Baumst\u00e4mme balancieren, aufsteigen und erklimmen. Spielend lernen die Kinder die Natur zu sp\u00fcren. Es gibt grosse und kleine, rauche und glatte St\u00e4mme. Auch die Farben sind verschieden Braun, Gr\u00fcn, Grau und viele mehr.<\/p>","protected":false},"author":2,"featured_media":4786,"comment_status":"closed","ping_status":"closed","sticky":false,"template":"","format":"gallery","meta":{"footnotes":""},"categories":[520],"tags":[],"class_list":["post-4784","post","type-post","status-publish","format-gallery","has-post-thumbnail","hentry","category-waldkinderkrippe-blog","post_format-post-format-gallery"],"_links":{"self":[{"href":"https:\/\/kitabluemli.ch\/en\/wp-json\/wp\/v2\/posts\/4784","targetHints":{"allow":["GET"]}}],"collection":[{"href":"https:\/\/kitabluemli.ch\/en\/wp-json\/wp\/v2\/posts"}],"about":[{"href":"https:\/\/kitabluemli.ch\/en\/wp-json\/wp\/v2\/types\/post"}],"author":[{"embeddable":true,"href":"https:\/\/kitabluemli.ch\/en\/wp-json\/wp\/v2\/users\/2"}],"replies":[{"embeddable":true,"href":"https:\/\/kitabluemli.ch\/en\/wp-json\/wp\/v2\/comments?post=4784"}],"version-history":[{"count":0,"href":"https:\/\/kitabluemli.ch\/en\/wp-json\/wp\/v2\/posts\/4784\/revisions"}],"wp:featuredmedia":[{"embeddable":true,"href":"https:\/\/kitabluemli.ch\/en\/wp-json\/wp\/v2\/media\/4786"}],"wp:attachment":[{"href":"https:\/\/kitabluemli.ch\/en\/wp-json\/wp\/v2\/media?parent=4784"}],"wp:term":[{"taxonomy":"category","embeddable":true,"href":"https:\/\/kitabluemli.ch\/en\/wp-json\/wp\/v2\/categories?post=4784"},{"taxonomy":"post_tag","embeddable":true,"href":"https:\/\/kitabluemli.ch\/en\/wp-json\/wp\/v2\/tags?post=4784"}],"curies":[{"name":"wp","href":"https:\/\/api.w.org\/{rel}","templated":true}]}}