{"id":4798,"date":"2018-02-27T12:00:31","date_gmt":"2018-02-27T11:00:31","guid":{"rendered":"https:\/\/eager-austin.188-34-163-140.plesk.page\/?p=4798"},"modified":"2025-01-03T14:59:29","modified_gmt":"2025-01-03T13:59:29","slug":"thema-farbe-rot-teil-2","status":"publish","type":"post","link":"https:\/\/kitabluemli.ch\/en\/thema-farbe-rot-teil-2\/","title":{"rendered":"Thema Farbe &#171;Rot&#187; &#8211; Teil 2"},"content":{"rendered":"<p>Auch im Tierreich treffen wir auf die Farbe Rot. Unsere heimischen Marienk\u00e4fer haben rote Fl\u00fcgel mit schwarzen Punkten. Rote F\u00fcchse und rote Fische sind auch keine Seltenheit. Weitere Tiere die Rot gef\u00e4rbt sind: Eidechsen, Vogel, Fr\u00f6sche, Ameisen und viele mehr. Tiere ben\u00fctzen die Farbe Rot oft als Tarnung oder Warnung<\/p>\n<div id='gallery-1' class='gallery galleryid-4798 gallery-columns-3 gallery-size-thumbnail'><figure class='gallery-item'>\n\t\t\t<div class='gallery-icon portrait'>\n\t\t\t\t<a href='https:\/\/kitabluemli.ch\/en\/thema-farbe-rot-teil-2\/farbe-rot_-04\/'><img decoding=\"async\" width=\"150\" height=\"150\" src=\"https:\/\/kitabluemli.ch\/wp-content\/uploads\/2018\/02\/farbe.rot_.04-150x150.jpg\" class=\"attachment-thumbnail size-thumbnail\" alt=\"Farbe Rot\" title=\"\"><\/a>\n\t\t\t<\/div><\/figure><figure class='gallery-item'>\n\t\t\t<div class='gallery-icon portrait'>\n\t\t\t\t<a href='https:\/\/kitabluemli.ch\/en\/thema-farbe-rot-teil-2\/farbe-rot_-06\/'><img decoding=\"async\" width=\"150\" height=\"150\" src=\"https:\/\/kitabluemli.ch\/wp-content\/uploads\/2018\/02\/farbe.rot_.06-150x150.jpg\" class=\"attachment-thumbnail size-thumbnail\" alt=\"Farbe Rot\" title=\"\"><\/a>\n\t\t\t<\/div><\/figure><figure class='gallery-item'>\n\t\t\t<div class='gallery-icon portrait'>\n\t\t\t\t<a href='https:\/\/kitabluemli.ch\/en\/thema-farbe-rot-teil-2\/farbe-rot_-05\/'><img decoding=\"async\" width=\"150\" height=\"150\" src=\"https:\/\/kitabluemli.ch\/wp-content\/uploads\/2018\/02\/farbe.rot_.05-150x150.jpg\" class=\"attachment-thumbnail size-thumbnail\" alt=\"Farbe Rot\" title=\"\"><\/a>\n\t\t\t<\/div><\/figure>\n\t\t<\/div>","protected":false},"excerpt":{"rendered":"<p>Auch im Tierreich treffen wir auf die Farbe Rot. Unsere heimischen Marienk\u00e4fer haben rote Fl\u00fcgel mit schwarzen Punkten. Rote F\u00fcchse und rote Fische sind auch keine Seltenheit. Weitere Tiere die Rot gef\u00e4rbt sind: Eidechsen, Vogel, Fr\u00f6sche, Ameisen und viele mehr. Tiere ben\u00fctzen die Farbe Rot oft als Tarnung oder Warnung<\/p>","protected":false},"author":2,"featured_media":4800,"comment_status":"closed","ping_status":"closed","sticky":false,"template":"","format":"gallery","meta":{"footnotes":""},"categories":[519],"tags":[],"class_list":["post-4798","post","type-post","status-publish","format-gallery","has-post-thumbnail","hentry","category-kinderkrippe-blog","post_format-post-format-gallery"],"_links":{"self":[{"href":"https:\/\/kitabluemli.ch\/en\/wp-json\/wp\/v2\/posts\/4798","targetHints":{"allow":["GET"]}}],"collection":[{"href":"https:\/\/kitabluemli.ch\/en\/wp-json\/wp\/v2\/posts"}],"about":[{"href":"https:\/\/kitabluemli.ch\/en\/wp-json\/wp\/v2\/types\/post"}],"author":[{"embeddable":true,"href":"https:\/\/kitabluemli.ch\/en\/wp-json\/wp\/v2\/users\/2"}],"replies":[{"embeddable":true,"href":"https:\/\/kitabluemli.ch\/en\/wp-json\/wp\/v2\/comments?post=4798"}],"version-history":[{"count":0,"href":"https:\/\/kitabluemli.ch\/en\/wp-json\/wp\/v2\/posts\/4798\/revisions"}],"wp:featuredmedia":[{"embeddable":true,"href":"https:\/\/kitabluemli.ch\/en\/wp-json\/wp\/v2\/media\/4800"}],"wp:attachment":[{"href":"https:\/\/kitabluemli.ch\/en\/wp-json\/wp\/v2\/media?parent=4798"}],"wp:term":[{"taxonomy":"category","embeddable":true,"href":"https:\/\/kitabluemli.ch\/en\/wp-json\/wp\/v2\/categories?post=4798"},{"taxonomy":"post_tag","embeddable":true,"href":"https:\/\/kitabluemli.ch\/en\/wp-json\/wp\/v2\/tags?post=4798"}],"curies":[{"name":"wp","href":"https:\/\/api.w.org\/{rel}","templated":true}]}}