{"id":4812,"date":"2018-02-28T08:00:04","date_gmt":"2018-02-28T07:00:04","guid":{"rendered":"https:\/\/eager-austin.188-34-163-140.plesk.page\/?p=4812"},"modified":"2018-02-28T08:00:04","modified_gmt":"2018-02-28T07:00:04","slug":"eis-und-kaelte-fuehlen","status":"publish","type":"post","link":"https:\/\/kitabluemli.ch\/en\/eis-und-kaelte-fuehlen\/","title":{"rendered":"Eis und K\u00e4lte f\u00fchlen"},"content":{"rendered":"<p>F\u00fchlen wie sich die K\u00e4lte anf\u00fchlt, wie das Eis schmilzt oder es an unsere H\u00e4nden klebt sobald wir es ber\u00fchren.<\/p>","protected":false},"excerpt":{"rendered":"<p>F\u00fchlen wie sich die K\u00e4lte anf\u00fchlt, wie das Eis schmilzt oder es an unsere H\u00e4nden klebt sobald wir es ber\u00fchren.<\/p>","protected":false},"author":2,"featured_media":4813,"comment_status":"closed","ping_status":"closed","sticky":false,"template":"","format":"standard","meta":{"footnotes":""},"categories":[520],"tags":[],"class_list":["post-4812","post","type-post","status-publish","format-standard","has-post-thumbnail","hentry","category-waldkinderkrippe-blog"],"_links":{"self":[{"href":"https:\/\/kitabluemli.ch\/en\/wp-json\/wp\/v2\/posts\/4812","targetHints":{"allow":["GET"]}}],"collection":[{"href":"https:\/\/kitabluemli.ch\/en\/wp-json\/wp\/v2\/posts"}],"about":[{"href":"https:\/\/kitabluemli.ch\/en\/wp-json\/wp\/v2\/types\/post"}],"author":[{"embeddable":true,"href":"https:\/\/kitabluemli.ch\/en\/wp-json\/wp\/v2\/users\/2"}],"replies":[{"embeddable":true,"href":"https:\/\/kitabluemli.ch\/en\/wp-json\/wp\/v2\/comments?post=4812"}],"version-history":[{"count":0,"href":"https:\/\/kitabluemli.ch\/en\/wp-json\/wp\/v2\/posts\/4812\/revisions"}],"wp:featuredmedia":[{"embeddable":true,"href":"https:\/\/kitabluemli.ch\/en\/wp-json\/wp\/v2\/media\/4813"}],"wp:attachment":[{"href":"https:\/\/kitabluemli.ch\/en\/wp-json\/wp\/v2\/media?parent=4812"}],"wp:term":[{"taxonomy":"category","embeddable":true,"href":"https:\/\/kitabluemli.ch\/en\/wp-json\/wp\/v2\/categories?post=4812"},{"taxonomy":"post_tag","embeddable":true,"href":"https:\/\/kitabluemli.ch\/en\/wp-json\/wp\/v2\/tags?post=4812"}],"curies":[{"name":"wp","href":"https:\/\/api.w.org\/{rel}","templated":true}]}}