{"id":4842,"date":"2018-03-02T07:00:27","date_gmt":"2018-03-02T06:00:27","guid":{"rendered":"https:\/\/eager-austin.188-34-163-140.plesk.page\/?p=4842"},"modified":"2025-01-03T14:58:36","modified_gmt":"2025-01-03T13:58:36","slug":"seilspringen-und-seilziehen-im-wald-teil-1","status":"publish","type":"post","link":"https:\/\/kitabluemli.ch\/en\/seilspringen-und-seilziehen-im-wald-teil-1\/","title":{"rendered":"Seilspringen und Seilziehen im Wald &#8211; Teil 1"},"content":{"rendered":"<p>Seilspringen ist eigentlich garnicht so schwer\u2026 oder \u00a0doch?\u00a0Seilspringen stellt hohe Anspr\u00fcche an die koordinativen F\u00e4higkeiten der Kinder. Daneben werden Ausdauer, Kraft und Beweglichkeit einge\u00fcbt.<\/p>\n<div id='gallery-1' class='gallery galleryid-4842 gallery-columns-3 gallery-size-thumbnail'><figure class='gallery-item'>\n\t\t\t<div class='gallery-icon landscape'>\n\t\t\t\t<a href='https:\/\/kitabluemli.ch\/en\/seilspringen-und-seilziehen-im-wald-teil-1\/seilspringen-und-seilziehen-im-wald-02\/'><img decoding=\"async\" width=\"150\" height=\"150\" src=\"https:\/\/kitabluemli.ch\/wp-content\/uploads\/2018\/02\/seilspringen-und-seilziehen-im-wald-02-150x150.jpg\" class=\"attachment-thumbnail size-thumbnail\" alt=\"Seilspringen und Seilziehen im Wald\" title=\"\"><\/a>\n\t\t\t<\/div><\/figure><figure class='gallery-item'>\n\t\t\t<div class='gallery-icon landscape'>\n\t\t\t\t<a href='https:\/\/kitabluemli.ch\/en\/seilspringen-und-seilziehen-im-wald-teil-1\/seilspringen-und-seilziehen-im-wald-03\/'><img decoding=\"async\" width=\"150\" height=\"150\" src=\"https:\/\/kitabluemli.ch\/wp-content\/uploads\/2018\/02\/seilspringen-und-seilziehen-im-wald-03-150x150.jpg\" class=\"attachment-thumbnail size-thumbnail\" alt=\"Seilspringen und Seilziehen im Wald\" title=\"\"><\/a>\n\t\t\t<\/div><\/figure><figure class='gallery-item'>\n\t\t\t<div class='gallery-icon landscape'>\n\t\t\t\t<a href='https:\/\/kitabluemli.ch\/en\/seilspringen-und-seilziehen-im-wald-teil-1\/seilspringen-und-seilziehen-im-wald-01\/'><img decoding=\"async\" width=\"150\" height=\"150\" src=\"https:\/\/kitabluemli.ch\/wp-content\/uploads\/2018\/02\/seilspringen-und-seilziehen-im-wald-01-150x150.jpg\" class=\"attachment-thumbnail size-thumbnail\" alt=\"Seilspringen und Seilziehen im Wald\" title=\"\"><\/a>\n\t\t\t<\/div><\/figure>\n\t\t<\/div>","protected":false},"excerpt":{"rendered":"<p>Seilspringen ist eigentlich garnicht so schwer\u2026 oder \u00a0doch?\u00a0Seilspringen stellt hohe Anspr\u00fcche an die koordinativen F\u00e4higkeiten der Kinder. Daneben werden Ausdauer, Kraft und Beweglichkeit einge\u00fcbt.<\/p>","protected":false},"author":2,"featured_media":4844,"comment_status":"closed","ping_status":"closed","sticky":false,"template":"","format":"gallery","meta":{"footnotes":""},"categories":[520],"tags":[],"class_list":["post-4842","post","type-post","status-publish","format-gallery","has-post-thumbnail","hentry","category-waldkinderkrippe-blog","post_format-post-format-gallery"],"_links":{"self":[{"href":"https:\/\/kitabluemli.ch\/en\/wp-json\/wp\/v2\/posts\/4842","targetHints":{"allow":["GET"]}}],"collection":[{"href":"https:\/\/kitabluemli.ch\/en\/wp-json\/wp\/v2\/posts"}],"about":[{"href":"https:\/\/kitabluemli.ch\/en\/wp-json\/wp\/v2\/types\/post"}],"author":[{"embeddable":true,"href":"https:\/\/kitabluemli.ch\/en\/wp-json\/wp\/v2\/users\/2"}],"replies":[{"embeddable":true,"href":"https:\/\/kitabluemli.ch\/en\/wp-json\/wp\/v2\/comments?post=4842"}],"version-history":[{"count":0,"href":"https:\/\/kitabluemli.ch\/en\/wp-json\/wp\/v2\/posts\/4842\/revisions"}],"wp:featuredmedia":[{"embeddable":true,"href":"https:\/\/kitabluemli.ch\/en\/wp-json\/wp\/v2\/media\/4844"}],"wp:attachment":[{"href":"https:\/\/kitabluemli.ch\/en\/wp-json\/wp\/v2\/media?parent=4842"}],"wp:term":[{"taxonomy":"category","embeddable":true,"href":"https:\/\/kitabluemli.ch\/en\/wp-json\/wp\/v2\/categories?post=4842"},{"taxonomy":"post_tag","embeddable":true,"href":"https:\/\/kitabluemli.ch\/en\/wp-json\/wp\/v2\/tags?post=4842"}],"curies":[{"name":"wp","href":"https:\/\/api.w.org\/{rel}","templated":true}]}}