{"id":4971,"date":"2018-03-06T16:00:18","date_gmt":"2018-03-06T15:00:18","guid":{"rendered":"https:\/\/eager-austin.188-34-163-140.plesk.page\/?p=4971"},"modified":"2018-03-06T16:00:18","modified_gmt":"2018-03-06T15:00:18","slug":"spielen-mit-der-farbe-gelb","status":"publish","type":"post","link":"https:\/\/kitabluemli.ch\/en\/spielen-mit-der-farbe-gelb\/","title":{"rendered":"Spielen mit der Farbe Gelb"},"content":{"rendered":"<p>Die Farbe Gelb war die Farbe der letze Woche. Unsere Kinder haben sich jeden Tag durch verschieden T\u00e4tigkeiten und Spiele der Farbe gen\u00e4hert und diese so besser kennengelernt. Wir haben die ganze Woche Sie gesucht, mit sie gebastelt und mit sie gespielt.<\/p>\n<p>Gelb ist eine warme Farbe, mann erkennt darin die Sonne und das Licht steht aber ebenso f\u00fcr Wachheit, Kreativit\u00e4t und schnellen Verstand.\u00a0Es symbolisiert meistens Licht und Leben, wird aber schnell auch mit Gold assoziiert. In Europa symbolisiert sie aber auch Neid, Geiz, Eifersucht, Verlogenheit und Egoismus. Nicht so in China, wo es die Farbe der Harmonie und der Weisheit ist!<\/p>\n<p>Positive Assoziationen sind\u00a0Licht, Sonne, Erleuchtung, Helligkeit, Wachheit, Kreativit\u00e4t, Blumenduft, Bl\u00fcten, Gold, der Optimismus, das Lustige, die Lebensfreude, das Vergn\u00fcgen und die Freundlichkeit.<\/p>\n<p>Im Orient, \u00c4gypten, Russland, und in manchen Balkan-L\u00e4ndern ist es die Hochzeitsfarbe!<\/p>\n<p>&nbsp;<\/p>\n<p>Weiteres interessantes zur Farbe Gelb gibt es auf <a href=\"https:\/\/alpina-farben.de\/artikel\/farbsymbolik-die-bedeutung-von-gelb\/\" target=\"_blank\" rel=\"noopener\">Alpina-Webseite<\/a> zu entdecken.<\/p>\n<div id='gallery-1' class='gallery galleryid-4971 gallery-columns-3 gallery-size-thumbnail'><figure class='gallery-item'>\n\t\t\t<div class='gallery-icon landscape'>\n\t\t\t\t<a href=\"https:\/\/kitabluemli.ch\/en\/spielen-mit-der-farbe-gelb\/kinderkrippe-waldkinderkrippe-blueemli-in-zuerich-spielen-mit-gelben-baukloetze-04\/\"><img decoding=\"async\" width=\"150\" height=\"150\" src=\"https:\/\/kitabluemli.ch\/wp-content\/uploads\/2018\/03\/kinderkrippe-waldkinderkrippe-blueemli-in-zuerich-spielen-mit-gelben-baukloetze-04-150x150.jpg\" class=\"attachment-thumbnail size-thumbnail\" alt=\"spielen mit gelben Baukl\u00f6tze\" title=\"\"><\/a>\n\t\t\t<\/div><\/figure><figure class='gallery-item'>\n\t\t\t<div class='gallery-icon landscape'>\n\t\t\t\t<a href=\"https:\/\/kitabluemli.ch\/en\/spielen-mit-der-farbe-gelb\/kinderkrippe-waldkinderkrippe-blueemli-in-zuerich-spielen-mit-gelben-baukloetze-05\/\"><img decoding=\"async\" width=\"150\" height=\"150\" src=\"https:\/\/kitabluemli.ch\/wp-content\/uploads\/2018\/03\/kinderkrippe-waldkinderkrippe-blueemli-in-zuerich-spielen-mit-gelben-baukloetze-05-150x150.jpg\" class=\"attachment-thumbnail size-thumbnail\" alt=\"spielen mit gelben Baukl\u00f6tze\" title=\"\"><\/a>\n\t\t\t<\/div><\/figure><figure class='gallery-item'>\n\t\t\t<div class='gallery-icon landscape'>\n\t\t\t\t<a href=\"https:\/\/kitabluemli.ch\/en\/spielen-mit-der-farbe-gelb\/kinderkrippe-waldkinderkrippe-blueemli-in-zuerich-spielen-mit-gelben-baukloetze-02\/\"><img decoding=\"async\" width=\"150\" height=\"150\" src=\"https:\/\/kitabluemli.ch\/wp-content\/uploads\/2018\/03\/kinderkrippe-waldkinderkrippe-blueemli-in-zuerich-spielen-mit-gelben-baukloetze-02-150x150.jpg\" class=\"attachment-thumbnail size-thumbnail\" alt=\"spielen mit gelben Baukl\u00f6tze\" title=\"\"><\/a>\n\t\t\t<\/div><\/figure>\n\t\t<\/div>\n\n<p>&nbsp;<\/p>","protected":false},"excerpt":{"rendered":"<p>Die Farbe Gelb war die Farbe der letze Woche. Unsere Kinder haben sich jeden Tag durch verschieden T\u00e4tigkeiten und Spiele der Farbe gen\u00e4hert und diese so besser kennengelernt. Wir haben die ganze Woche Sie gesucht, mit sie gebastelt und mit sie gespielt. Gelb ist eine warme Farbe, mann erkennt darin die Sonne und das Licht [&hellip;]<\/p>\n","protected":false},"author":2,"featured_media":4982,"comment_status":"closed","ping_status":"closed","sticky":false,"template":"","format":"gallery","meta":{"footnotes":""},"categories":[519],"tags":[],"class_list":["post-4971","post","type-post","status-publish","format-gallery","has-post-thumbnail","hentry","category-kinderkrippe-blog","post_format-post-format-gallery"],"_links":{"self":[{"href":"https:\/\/kitabluemli.ch\/en\/wp-json\/wp\/v2\/posts\/4971","targetHints":{"allow":["GET"]}}],"collection":[{"href":"https:\/\/kitabluemli.ch\/en\/wp-json\/wp\/v2\/posts"}],"about":[{"href":"https:\/\/kitabluemli.ch\/en\/wp-json\/wp\/v2\/types\/post"}],"author":[{"embeddable":true,"href":"https:\/\/kitabluemli.ch\/en\/wp-json\/wp\/v2\/users\/2"}],"replies":[{"embeddable":true,"href":"https:\/\/kitabluemli.ch\/en\/wp-json\/wp\/v2\/comments?post=4971"}],"version-history":[{"count":0,"href":"https:\/\/kitabluemli.ch\/en\/wp-json\/wp\/v2\/posts\/4971\/revisions"}],"wp:featuredmedia":[{"embeddable":true,"href":"https:\/\/kitabluemli.ch\/en\/wp-json\/wp\/v2\/media\/4982"}],"wp:attachment":[{"href":"https:\/\/kitabluemli.ch\/en\/wp-json\/wp\/v2\/media?parent=4971"}],"wp:term":[{"taxonomy":"category","embeddable":true,"href":"https:\/\/kitabluemli.ch\/en\/wp-json\/wp\/v2\/categories?post=4971"},{"taxonomy":"post_tag","embeddable":true,"href":"https:\/\/kitabluemli.ch\/en\/wp-json\/wp\/v2\/tags?post=4971"}],"curies":[{"name":"wp","href":"https:\/\/api.w.org\/{rel}","templated":true}]}}