{"id":5338,"date":"2018-03-12T16:00:27","date_gmt":"2018-03-12T15:00:27","guid":{"rendered":"https:\/\/eager-austin.188-34-163-140.plesk.page\/?p=5338"},"modified":"2018-03-12T16:00:27","modified_gmt":"2018-03-12T15:00:27","slug":"blumen-stecken-im-wald","status":"publish","type":"post","link":"https:\/\/kitabluemli.ch\/en\/blumen-stecken-im-wald\/","title":{"rendered":"Blumen stecken im Wald"},"content":{"rendered":"<div id='gallery-1' class='gallery galleryid-5338 gallery-columns-3 gallery-size-thumbnail'><figure class='gallery-item'>\n\t\t\t<div class='gallery-icon landscape'>\n\t\t\t\t<a href='https:\/\/kitabluemli.ch\/en\/blumen-stecken-im-wald\/blumen-stecken-im-wald-02\/'><img decoding=\"async\" width=\"150\" height=\"150\" src=\"https:\/\/kitabluemli.ch\/wp-content\/uploads\/2018\/03\/blumen-stecken-im-wald-02-150x150.jpg\" class=\"attachment-thumbnail size-thumbnail\" alt=\"Blumen stecken im Wald\" title=\"\"><\/a>\n\t\t\t<\/div><\/figure><figure class='gallery-item'>\n\t\t\t<div class='gallery-icon landscape'>\n\t\t\t\t<a href='https:\/\/kitabluemli.ch\/en\/blumen-stecken-im-wald\/blumen-stecken-im-wald-01\/'><img decoding=\"async\" width=\"150\" height=\"150\" src=\"https:\/\/kitabluemli.ch\/wp-content\/uploads\/2018\/03\/blumen-stecken-im-wald-01-150x150.jpg\" class=\"attachment-thumbnail size-thumbnail\" alt=\"Blumen stecken im Wald\" title=\"\"><\/a>\n\t\t\t<\/div><\/figure><figure class='gallery-item'>\n\t\t\t<div class='gallery-icon landscape'>\n\t\t\t\t<a href='https:\/\/kitabluemli.ch\/en\/blumen-stecken-im-wald\/blumen-stecken-im-wald-03\/'><img decoding=\"async\" width=\"150\" height=\"150\" src=\"https:\/\/kitabluemli.ch\/wp-content\/uploads\/2018\/03\/blumen-stecken-im-wald-03-150x150.jpg\" class=\"attachment-thumbnail size-thumbnail\" alt=\"Blumen stecken im Wald\" title=\"\"><\/a>\n\t\t\t<\/div><\/figure><figure class='gallery-item'>\n\t\t\t<div class='gallery-icon landscape'>\n\t\t\t\t<a href='https:\/\/kitabluemli.ch\/en\/blumen-stecken-im-wald\/blumen-stecken-im-wald-04\/'><img loading=\"lazy\" decoding=\"async\" width=\"150\" height=\"150\" src=\"https:\/\/kitabluemli.ch\/wp-content\/uploads\/2018\/03\/blumen-stecken-im-wald-04-150x150.jpg\" class=\"attachment-thumbnail size-thumbnail\" alt=\"Blumen stecken im Wald\" title=\"\"><\/a>\n\t\t\t<\/div><\/figure><figure class='gallery-item'>\n\t\t\t<div class='gallery-icon landscape'>\n\t\t\t\t<a href='https:\/\/kitabluemli.ch\/en\/blumen-stecken-im-wald\/blumen-stecken-im-wald-05\/'><img loading=\"lazy\" decoding=\"async\" width=\"150\" height=\"150\" src=\"https:\/\/kitabluemli.ch\/wp-content\/uploads\/2018\/03\/blumen-stecken-im-wald-05-150x150.jpg\" class=\"attachment-thumbnail size-thumbnail\" alt=\"Blumen stecken im Wald\" title=\"\"><\/a>\n\t\t\t<\/div><\/figure>\n\t\t<\/div>\n\n<p><strong>Blumen<\/strong> stecken im Wald. Zuerst suchen wir geeignete Holz \u00c4ste und St\u00e4mme die wir als Blumenstiel brauchen werden danach sammeln wir Baumbl\u00e4tter die wir als Blumenbl\u00e4tter einsetzten werden. Im nu entstehen eine Vielzahl von Blumen die wir behutsam im Waldboden einpflanzen.<\/p>\n<p>Es erstaunt uns immer wieder wieviel Fantasie und Kreativit\u00e4t die Kinder in ihre <a href=\"https:\/\/kitabluemli.ch\/en\/papierblumen-basteln\/\">Kunstwerke<\/a> einbringen wir unterst\u00fctzen sie dabei und lassen immer so viel Freiraum wir nur m\u00f6glich.<\/p>\n<p>&nbsp;<\/p>\n<p>Auf auf <a href=\"https:\/\/www.solebich.de\/wohnen\/blumendeko\" target=\"_blank\" rel=\"noopener\">Blumendeko<\/a> findet Ihr weitere Ideen zum Thema Basteln mit Blumen.<\/p>","protected":false},"excerpt":{"rendered":"<p>Blumen stecken im Wald. Zuerst suchen wir geeignete Holz \u00c4ste und St\u00e4mme die wir als Blumenstiel brauchen werden danach sammeln wir Baumbl\u00e4tter die wir als Blumenbl\u00e4tter einsetzten werden. Im nu entstehen eine Vielzahl von Blumen die wir behutsam im Waldboden einpflanzen. Es erstaunt uns immer wieder wieviel Fantasie und Kreativit\u00e4t die Kinder in ihre Kunstwerke [&hellip;]<\/p>\n","protected":false},"author":2,"featured_media":5348,"comment_status":"closed","ping_status":"closed","sticky":false,"template":"","format":"gallery","meta":{"footnotes":""},"categories":[520],"tags":[],"class_list":["post-5338","post","type-post","status-publish","format-gallery","has-post-thumbnail","hentry","category-waldkinderkrippe-blog","post_format-post-format-gallery"],"_links":{"self":[{"href":"https:\/\/kitabluemli.ch\/en\/wp-json\/wp\/v2\/posts\/5338","targetHints":{"allow":["GET"]}}],"collection":[{"href":"https:\/\/kitabluemli.ch\/en\/wp-json\/wp\/v2\/posts"}],"about":[{"href":"https:\/\/kitabluemli.ch\/en\/wp-json\/wp\/v2\/types\/post"}],"author":[{"embeddable":true,"href":"https:\/\/kitabluemli.ch\/en\/wp-json\/wp\/v2\/users\/2"}],"replies":[{"embeddable":true,"href":"https:\/\/kitabluemli.ch\/en\/wp-json\/wp\/v2\/comments?post=5338"}],"version-history":[{"count":0,"href":"https:\/\/kitabluemli.ch\/en\/wp-json\/wp\/v2\/posts\/5338\/revisions"}],"wp:featuredmedia":[{"embeddable":true,"href":"https:\/\/kitabluemli.ch\/en\/wp-json\/wp\/v2\/media\/5348"}],"wp:attachment":[{"href":"https:\/\/kitabluemli.ch\/en\/wp-json\/wp\/v2\/media?parent=5338"}],"wp:term":[{"taxonomy":"category","embeddable":true,"href":"https:\/\/kitabluemli.ch\/en\/wp-json\/wp\/v2\/categories?post=5338"},{"taxonomy":"post_tag","embeddable":true,"href":"https:\/\/kitabluemli.ch\/en\/wp-json\/wp\/v2\/tags?post=5338"}],"curies":[{"name":"wp","href":"https:\/\/api.w.org\/{rel}","templated":true}]}}