{"id":5370,"date":"2018-03-14T08:00:00","date_gmt":"2018-03-14T07:00:00","guid":{"rendered":"https:\/\/eager-austin.188-34-163-140.plesk.page\/?p=5370"},"modified":"2018-03-14T08:00:00","modified_gmt":"2018-03-14T07:00:00","slug":"verkehrserziehung","status":"publish","type":"post","link":"https:\/\/kitabluemli.ch\/en\/verkehrserziehung\/","title":{"rendered":"Verkehrserziehung"},"content":{"rendered":"<p><strong>Verkehrserziehung<\/strong> beginnt sehr fr\u00fch.\u00a0Verkehrserziehung bedeutet nicht nur, mit den Kinder den Weg in die KiTa oder sp\u00e4ter in die Schule zu trainieren. Es bedeutet nicht nur, dass sie sich ungef\u00e4hrdet im Verkehr bewegen k\u00f6nnen. Verkehrserziehung bedeutet auch, dass das die Kinder lernen sich sicher und sozial zu verhalten.<\/p>\n<p>Wir begleiten die Kinder und \u00fcben mit ihnen das richtige Verhalten im Strassenverkehr. Nat\u00fcrlich kommen auch die\u00a0\u201eSchulpolizisten\u201c \u00a0der Stadt Z\u00fcrich bei uns regelm\u00e4ssig vorbei und unterrichten unsere Kinder zum Thema Strassenverkehr. Die\u00a0Instruktoren der Polizei blicken auf eine langj\u00e4hrige Praxis zur\u00fcck und verf\u00fcgen \u00fcber Zusatzausbildungen, die sie bef\u00e4higen, nach methodisch didaktischen Grunds\u00e4tzen zu unterrichten und <a href=\"https:\/\/kitabluemli.ch\/en\/\">p\u00e4dagogische Erkenntnisse<\/a> zu ber\u00fccksichtigen.<\/p>\n<p><strong>Wir Erwachsene sind die besten Vorbilder f\u00fcr unsere Kinder.\u00a0<\/strong>Bei Rot noch schnell \u00fcber die Ampel zu gehen, muss nicht sein! Unsere Kinder aber darauf hinzuweisen, dass sie selbst nat\u00fcrlich nur bei Gr\u00fcn gehen d\u00fcrfen, ist fahrl\u00e4ssig und macht kein Sinn!<\/p>","protected":false},"excerpt":{"rendered":"<p>Verkehrserziehung beginnt sehr fr\u00fch.\u00a0Verkehrserziehung bedeutet nicht nur, mit den Kinder den Weg in die KiTa oder sp\u00e4ter in die Schule zu trainieren. Es bedeutet nicht nur, dass sie sich ungef\u00e4hrdet im Verkehr bewegen k\u00f6nnen. Verkehrserziehung bedeutet auch, dass das die Kinder lernen sich sicher und sozial zu verhalten. Wir begleiten die Kinder und \u00fcben mit [&hellip;]<\/p>\n","protected":false},"author":2,"featured_media":5375,"comment_status":"closed","ping_status":"closed","sticky":false,"template":"","format":"standard","meta":{"footnotes":""},"categories":[1,519,520],"tags":[],"class_list":["post-5370","post","type-post","status-publish","format-standard","has-post-thumbnail","hentry","category-allgemein-blog","category-kinderkrippe-blog","category-waldkinderkrippe-blog"],"_links":{"self":[{"href":"https:\/\/kitabluemli.ch\/en\/wp-json\/wp\/v2\/posts\/5370","targetHints":{"allow":["GET"]}}],"collection":[{"href":"https:\/\/kitabluemli.ch\/en\/wp-json\/wp\/v2\/posts"}],"about":[{"href":"https:\/\/kitabluemli.ch\/en\/wp-json\/wp\/v2\/types\/post"}],"author":[{"embeddable":true,"href":"https:\/\/kitabluemli.ch\/en\/wp-json\/wp\/v2\/users\/2"}],"replies":[{"embeddable":true,"href":"https:\/\/kitabluemli.ch\/en\/wp-json\/wp\/v2\/comments?post=5370"}],"version-history":[{"count":0,"href":"https:\/\/kitabluemli.ch\/en\/wp-json\/wp\/v2\/posts\/5370\/revisions"}],"wp:featuredmedia":[{"embeddable":true,"href":"https:\/\/kitabluemli.ch\/en\/wp-json\/wp\/v2\/media\/5375"}],"wp:attachment":[{"href":"https:\/\/kitabluemli.ch\/en\/wp-json\/wp\/v2\/media?parent=5370"}],"wp:term":[{"taxonomy":"category","embeddable":true,"href":"https:\/\/kitabluemli.ch\/en\/wp-json\/wp\/v2\/categories?post=5370"},{"taxonomy":"post_tag","embeddable":true,"href":"https:\/\/kitabluemli.ch\/en\/wp-json\/wp\/v2\/tags?post=5370"}],"curies":[{"name":"wp","href":"https:\/\/api.w.org\/{rel}","templated":true}]}}