{"id":5406,"date":"2018-03-17T20:00:09","date_gmt":"2018-03-17T19:00:09","guid":{"rendered":"https:\/\/eager-austin.188-34-163-140.plesk.page\/?p=5406"},"modified":"2024-12-14T11:21:49","modified_gmt":"2024-12-14T10:21:49","slug":"bus-und-tramfahren","status":"publish","type":"post","link":"https:\/\/kitabluemli.ch\/en\/bus-und-tramfahren\/","title":{"rendered":"Bus- und Tramfahren"},"content":{"rendered":"<p>Wir fahren im Bus! Was haben wir alles erlebt&#8230; m\u00fcde aber zufrieden sitzen wir jetzt alle zusammen im Bus. Es sind nur ein paar Haltestellen bis zur <a href=\"https:\/\/kitabluemli.ch\/en\/\">KiTa<\/a> aber wir geniessen jede Minute.<\/p>\n<p>Wer seine Kinder mit dem Bus- und Tramfahren fr\u00fch vertraut macht und mit ihnen \u00fcbt, kann sie sp\u00e4ter auch alleine zu Kindergarten und\/oder Schule reisen lassen.\u00a0Die Strecke muss mehrmals gemeinsam mit dem Kind gefahren werden! \u00a0Erkl\u00e4ren Sie genau, worauf ihr Kind achten soll! Er soll sich immer festhalten und wenn m\u00f6glich sitzen. Notfalls muss er sich beim \u00a0ZVV-Mitarbeiter wenden k\u00f6nnen, das ist nicht einfach und braucht Mut!<\/p>\n<p>Und nicht vergessene jedes Kind sollte lernen, \u00e4ltere Fahrg\u00e4sten der Sitzplatz anzubieten, sie werden es Ihnen bestimmt danken!<\/p>","protected":false},"excerpt":{"rendered":"<p>Wir fahren im Bus! Was haben wir alles erlebt&#8230; m\u00fcde aber zufrieden sitzen wir jetzt alle zusammen im Bus. Es sind nur ein paar Haltestellen bis zur KiTa aber wir geniessen jede Minute. Wer seine Kinder mit dem Bus- und Tramfahren fr\u00fch vertraut macht und mit ihnen \u00fcbt, kann sie sp\u00e4ter auch alleine zu Kindergarten [&hellip;]<\/p>\n","protected":false},"author":2,"featured_media":5407,"comment_status":"closed","ping_status":"closed","sticky":false,"template":"","format":"standard","meta":{"footnotes":""},"categories":[519],"tags":[],"class_list":["post-5406","post","type-post","status-publish","format-standard","has-post-thumbnail","hentry","category-kinderkrippe-blog"],"_links":{"self":[{"href":"https:\/\/kitabluemli.ch\/en\/wp-json\/wp\/v2\/posts\/5406","targetHints":{"allow":["GET"]}}],"collection":[{"href":"https:\/\/kitabluemli.ch\/en\/wp-json\/wp\/v2\/posts"}],"about":[{"href":"https:\/\/kitabluemli.ch\/en\/wp-json\/wp\/v2\/types\/post"}],"author":[{"embeddable":true,"href":"https:\/\/kitabluemli.ch\/en\/wp-json\/wp\/v2\/users\/2"}],"replies":[{"embeddable":true,"href":"https:\/\/kitabluemli.ch\/en\/wp-json\/wp\/v2\/comments?post=5406"}],"version-history":[{"count":0,"href":"https:\/\/kitabluemli.ch\/en\/wp-json\/wp\/v2\/posts\/5406\/revisions"}],"wp:featuredmedia":[{"embeddable":true,"href":"https:\/\/kitabluemli.ch\/en\/wp-json\/wp\/v2\/media\/5407"}],"wp:attachment":[{"href":"https:\/\/kitabluemli.ch\/en\/wp-json\/wp\/v2\/media?parent=5406"}],"wp:term":[{"taxonomy":"category","embeddable":true,"href":"https:\/\/kitabluemli.ch\/en\/wp-json\/wp\/v2\/categories?post=5406"},{"taxonomy":"post_tag","embeddable":true,"href":"https:\/\/kitabluemli.ch\/en\/wp-json\/wp\/v2\/tags?post=5406"}],"curies":[{"name":"wp","href":"https:\/\/api.w.org\/{rel}","templated":true}]}}