{"id":5418,"date":"2018-03-19T07:30:59","date_gmt":"2018-03-19T06:30:59","guid":{"rendered":"https:\/\/eager-austin.188-34-163-140.plesk.page\/?p=5418"},"modified":"2018-03-19T07:30:59","modified_gmt":"2018-03-19T06:30:59","slug":"wo-sind-die-froesche-hin","status":"publish","type":"post","link":"https:\/\/kitabluemli.ch\/en\/wo-sind-die-froesche-hin\/","title":{"rendered":"Wo sind die Fr\u00f6sche hin?"},"content":{"rendered":"<div id='gallery-1' class='gallery galleryid-5418 gallery-columns-3 gallery-size-thumbnail'><figure class='gallery-item'>\n\t\t\t<div class='gallery-icon landscape'>\n\t\t\t\t<a href='https:\/\/kitabluemli.ch\/en\/wo-sind-die-froesche-hin\/wo-sind-die-froeschen-hin-01\/'><img decoding=\"async\" width=\"150\" height=\"150\" src=\"https:\/\/kitabluemli.ch\/wp-content\/uploads\/2018\/03\/wo-sind-die-froeschen-hin-01-150x150.jpg\" class=\"attachment-thumbnail size-thumbnail\" alt=\"Wo sind die Fr\u00f6sche hin?\" title=\"\"><\/a>\n\t\t\t<\/div><\/figure><figure class='gallery-item'>\n\t\t\t<div class='gallery-icon landscape'>\n\t\t\t\t<a href='https:\/\/kitabluemli.ch\/en\/wo-sind-die-froesche-hin\/wo-sind-die-froeschen-hin-02\/'><img decoding=\"async\" width=\"150\" height=\"150\" src=\"https:\/\/kitabluemli.ch\/wp-content\/uploads\/2018\/03\/wo-sind-die-froeschen-hin-02-150x150.jpg\" class=\"attachment-thumbnail size-thumbnail\" alt=\"Wo sind die Fr\u00f6sche hin?\" title=\"\"><\/a>\n\t\t\t<\/div><\/figure>\n\t\t<\/div>\n\n<p>Wo sind die Fr\u00f6sche? Heute haben wir kein Gl\u00fcck, weit und breit ist kein Frosch zu sehen. Ist es zu kalt? Hat jemand sie erschreckt? Wir haben \u00fcberall gesucht, unter jeden Stein, in jeder Ecke, unter jedes Blatt&#8230; leider ohne Erfolg. Wir kommen wider und suchen weiter, wir geben nicht auf.<\/p>\n<p><i>&#171;Amphibien durchlaufen eine Winterstarre, die mit dem Einsetzen des Frostes beginnt. Ist diese kritische Temperatur erreicht, zeigt sich der Frosch unbeweglich, seine K\u00f6rperfunktionen werden auf ein Minimum herabgesetzt. Damit ihre K\u00f6rpertemperatur nicht unter 0\u00b0 C sinkt, m\u00fcssen\u00a0Fr\u00f6sche Schutz im Laub und Sediment finden.&#187;<\/i><\/p>","protected":false},"excerpt":{"rendered":"<p>Wo sind die Fr\u00f6sche? Heute haben wir kein Gl\u00fcck, weit und breit ist kein Frosch zu sehen. Ist es zu kalt? Hat jemand sie erschreckt? Wir haben \u00fcberall gesucht, unter jeden Stein, in jeder Ecke, unter jedes Blatt&#8230; leider ohne Erfolg. Wir kommen wider und suchen weiter, wir geben nicht auf. &#171;Amphibien durchlaufen eine Winterstarre, [&hellip;]<\/p>\n","protected":false},"author":2,"featured_media":5420,"comment_status":"closed","ping_status":"closed","sticky":false,"template":"","format":"gallery","meta":{"footnotes":""},"categories":[519],"tags":[],"class_list":["post-5418","post","type-post","status-publish","format-gallery","has-post-thumbnail","hentry","category-kinderkrippe-blog","post_format-post-format-gallery"],"_links":{"self":[{"href":"https:\/\/kitabluemli.ch\/en\/wp-json\/wp\/v2\/posts\/5418","targetHints":{"allow":["GET"]}}],"collection":[{"href":"https:\/\/kitabluemli.ch\/en\/wp-json\/wp\/v2\/posts"}],"about":[{"href":"https:\/\/kitabluemli.ch\/en\/wp-json\/wp\/v2\/types\/post"}],"author":[{"embeddable":true,"href":"https:\/\/kitabluemli.ch\/en\/wp-json\/wp\/v2\/users\/2"}],"replies":[{"embeddable":true,"href":"https:\/\/kitabluemli.ch\/en\/wp-json\/wp\/v2\/comments?post=5418"}],"version-history":[{"count":0,"href":"https:\/\/kitabluemli.ch\/en\/wp-json\/wp\/v2\/posts\/5418\/revisions"}],"wp:featuredmedia":[{"embeddable":true,"href":"https:\/\/kitabluemli.ch\/en\/wp-json\/wp\/v2\/media\/5420"}],"wp:attachment":[{"href":"https:\/\/kitabluemli.ch\/en\/wp-json\/wp\/v2\/media?parent=5418"}],"wp:term":[{"taxonomy":"category","embeddable":true,"href":"https:\/\/kitabluemli.ch\/en\/wp-json\/wp\/v2\/categories?post=5418"},{"taxonomy":"post_tag","embeddable":true,"href":"https:\/\/kitabluemli.ch\/en\/wp-json\/wp\/v2\/tags?post=5418"}],"curies":[{"name":"wp","href":"https:\/\/api.w.org\/{rel}","templated":true}]}}