{"id":5449,"date":"2018-03-19T12:00:00","date_gmt":"2018-03-19T11:00:00","guid":{"rendered":"https:\/\/eager-austin.188-34-163-140.plesk.page\/?p=5449"},"modified":"2018-03-19T12:00:00","modified_gmt":"2018-03-19T11:00:00","slug":"froschlaich-beobachten","status":"publish","type":"post","link":"https:\/\/kitabluemli.ch\/en\/froschlaich-beobachten\/","title":{"rendered":"Froschlaich beobachten"},"content":{"rendered":"<div>Auf dem Weg zu unserem Waldplatz fanden wir <strong>Froschlaich<\/strong> &#8211; Wir zeigen den Kinder wie und von wo die Fr\u00f6sche kommen. Wir lehren ihnen diese zu respektieren und zu sch\u00fctzen. \u00dcbrigens alle einheimischen Amphibienarten sind gesetzlich gesch\u00fctzt!<\/div>\n<div><\/div>\n<div><i>&#171;Die Froschdame legt ihre Eier, den <\/i><strong style=\"font-style: italic;\">Laich<\/strong><i> im Wasser ab. Schon nach wenigen Tagen\u00a0sind die Kaulquappe erkennbar. Und es dauert wieder nur ein paar Tage bis die\u00a0Sch\u00fctzt H\u00fclle aufgel\u00f6st wird und die Kaulquappe frei schwimmen kann. Nach ca. 5-7 Tagen schl\u00fcpft die Larve aus dem Ei. Diese Kaulquappen besitzen zun\u00e4chst noch \u00e4ussere Kiemen. Dann bilden sie Kiemen und Ruderschw\u00e4nze zur\u00fcck. Lungen und Beine bilden sich aus. Zum Luft holen schwimmt die Kaulquappe immer wider an die Wasseroberfl\u00e4che.&#187;<\/i><\/div>\n<div><\/div>\n<div><\/div>\n<div>ProNatura &#8211; <a href=\"https:\/\/www.pronatura.ch\/de\/amphibien\" target=\"_blank\" rel=\"noopener\">Neues Land f\u00fcr Froschk\u00f6nige<\/a><\/div>\n<div><\/div>\n<div>\n<div id='gallery-1' class='gallery galleryid-5449 gallery-columns-3 gallery-size-thumbnail'><figure class='gallery-item'>\n\t\t\t<div class='gallery-icon landscape'>\n\t\t\t\t<a href=\"https:\/\/kitabluemli.ch\/en\/froschlaich-beobachten\/froschlaich-beobachten-03\/\"><img decoding=\"async\" width=\"150\" height=\"150\" src=\"https:\/\/kitabluemli.ch\/wp-content\/uploads\/2018\/03\/froschlaich-beobachten-03-150x150.jpg\" class=\"attachment-thumbnail size-thumbnail\" alt=\"froschlaich beobachten\" title=\"\"><\/a>\n\t\t\t<\/div><\/figure><figure class='gallery-item'>\n\t\t\t<div class='gallery-icon landscape'>\n\t\t\t\t<a href=\"https:\/\/kitabluemli.ch\/en\/froschlaich-beobachten\/froschlaich-beobachten-01\/\"><img decoding=\"async\" width=\"150\" height=\"150\" src=\"https:\/\/kitabluemli.ch\/wp-content\/uploads\/2018\/03\/froschlaich-beobachten-01-150x150.jpg\" class=\"attachment-thumbnail size-thumbnail\" alt=\"froschlaich beobachten\" title=\"\"><\/a>\n\t\t\t<\/div><\/figure><figure class='gallery-item'>\n\t\t\t<div class='gallery-icon landscape'>\n\t\t\t\t<a href=\"https:\/\/kitabluemli.ch\/en\/froschlaich-beobachten\/froschlaich-beobachten-04\/\"><img decoding=\"async\" width=\"150\" height=\"150\" src=\"https:\/\/kitabluemli.ch\/wp-content\/uploads\/2018\/03\/froschlaich-beobachten-04-150x150.jpg\" class=\"attachment-thumbnail size-thumbnail\" alt=\"froschlaich beobachten\" title=\"\"><\/a>\n\t\t\t<\/div><\/figure><figure class='gallery-item'>\n\t\t\t<div class='gallery-icon landscape'>\n\t\t\t\t<a href=\"https:\/\/kitabluemli.ch\/en\/froschlaich-beobachten\/froschlaich-beobachten-05\/\"><img loading=\"lazy\" decoding=\"async\" width=\"150\" height=\"150\" src=\"https:\/\/kitabluemli.ch\/wp-content\/uploads\/2018\/03\/froschlaich-beobachten-05-150x150.jpg\" class=\"attachment-thumbnail size-thumbnail\" alt=\"froschlaich beobachten\" title=\"\"><\/a>\n\t\t\t<\/div><\/figure>\n\t\t<\/div>\n\n<\/div>","protected":false},"excerpt":{"rendered":"<p>Auf dem Weg zu unserem Waldplatz fanden wir Froschlaich &#8211; Wir zeigen den Kinder wie und von wo die Fr\u00f6sche kommen. Wir lehren ihnen diese zu respektieren und zu sch\u00fctzen. \u00dcbrigens alle einheimischen Amphibienarten sind gesetzlich gesch\u00fctzt! &#171;Die Froschdame legt ihre Eier, den Laich im Wasser ab. Schon nach wenigen Tagen\u00a0sind die Kaulquappe erkennbar. Und [&hellip;]<\/p>\n","protected":false},"author":2,"featured_media":5450,"comment_status":"closed","ping_status":"closed","sticky":false,"template":"","format":"gallery","meta":{"footnotes":""},"categories":[520],"tags":[],"class_list":["post-5449","post","type-post","status-publish","format-gallery","has-post-thumbnail","hentry","category-waldkinderkrippe-blog","post_format-post-format-gallery"],"_links":{"self":[{"href":"https:\/\/kitabluemli.ch\/en\/wp-json\/wp\/v2\/posts\/5449","targetHints":{"allow":["GET"]}}],"collection":[{"href":"https:\/\/kitabluemli.ch\/en\/wp-json\/wp\/v2\/posts"}],"about":[{"href":"https:\/\/kitabluemli.ch\/en\/wp-json\/wp\/v2\/types\/post"}],"author":[{"embeddable":true,"href":"https:\/\/kitabluemli.ch\/en\/wp-json\/wp\/v2\/users\/2"}],"replies":[{"embeddable":true,"href":"https:\/\/kitabluemli.ch\/en\/wp-json\/wp\/v2\/comments?post=5449"}],"version-history":[{"count":0,"href":"https:\/\/kitabluemli.ch\/en\/wp-json\/wp\/v2\/posts\/5449\/revisions"}],"wp:featuredmedia":[{"embeddable":true,"href":"https:\/\/kitabluemli.ch\/en\/wp-json\/wp\/v2\/media\/5450"}],"wp:attachment":[{"href":"https:\/\/kitabluemli.ch\/en\/wp-json\/wp\/v2\/media?parent=5449"}],"wp:term":[{"taxonomy":"category","embeddable":true,"href":"https:\/\/kitabluemli.ch\/en\/wp-json\/wp\/v2\/categories?post=5449"},{"taxonomy":"post_tag","embeddable":true,"href":"https:\/\/kitabluemli.ch\/en\/wp-json\/wp\/v2\/tags?post=5449"}],"curies":[{"name":"wp","href":"https:\/\/api.w.org\/{rel}","templated":true}]}}