{"id":5469,"date":"2018-03-21T12:00:15","date_gmt":"2018-03-21T11:00:15","guid":{"rendered":"https:\/\/eager-austin.188-34-163-140.plesk.page\/?p=5469"},"modified":"2018-03-21T12:00:15","modified_gmt":"2018-03-21T11:00:15","slug":"der-kleiner-weisser-fisch","status":"publish","type":"post","link":"https:\/\/kitabluemli.ch\/en\/der-kleiner-weisser-fisch\/","title":{"rendered":"Kleiner weisser Fisch"},"content":{"rendered":"<p>Kleiner weisser Fisch &#8211; eine emotional erz\u00e4hlte Geschichte zum ersten Farbenlernen. Tolle Zeit beim Malen und Geschichte erz\u00e4hlen. Wir wissen\u00a0nicht wie oft wir schon mit dem kleinen weissen Fisch nach seiner Mama gesucht haben. Ist ja auch egal, jedenfalls sind unsere Kinder von Anfang an mit Begeisterung dabei. Hier wird immer wieder mitgefiebert!<\/p>\n<p><em>&#171;Der kleine weisse Fisch sucht seine Mama. Welche Farbe hat sie? Rot ist sie nicht, rot ist der Krebs. Blau ist sie nicht, blau ist der Wal. Und gr\u00fcn ist sie auch nicht, gr\u00fcn ist die Schildkr\u00f6te. Und wenn sie von jeder Farbe ein bisschen hat, wie der Regenbogen?&#187;<\/em><\/p>\n<p>Ein Buch von <a href=\"https:\/\/nl.wikipedia.org\/wiki\/Guido_Van_Genechten\" target=\"_blank\" rel=\"noopener\">Guido Van Genechten<\/a><\/p>\n<div id='gallery-1' class='gallery galleryid-5469 gallery-columns-3 gallery-size-thumbnail'><figure class='gallery-item'>\n\t\t\t<div class='gallery-icon portrait'>\n\t\t\t\t<a href=\"https:\/\/kitabluemli.ch\/en\/der-kleiner-weisser-fisch\/kleiner-weisser-fisch-01\/\"><img decoding=\"async\" width=\"150\" height=\"150\" src=\"https:\/\/kitabluemli.ch\/wp-content\/uploads\/2018\/03\/kleiner-weisser-fisch-01-150x150.jpg\" class=\"attachment-thumbnail size-thumbnail\" alt=\"Kleiner weisser Fisch\" title=\"\"><\/a>\n\t\t\t<\/div><\/figure><figure class='gallery-item'>\n\t\t\t<div class='gallery-icon portrait'>\n\t\t\t\t<a href=\"https:\/\/kitabluemli.ch\/en\/der-kleiner-weisser-fisch\/kleiner-weisser-fisch-04\/\"><img decoding=\"async\" width=\"150\" height=\"150\" src=\"https:\/\/kitabluemli.ch\/wp-content\/uploads\/2018\/03\/kleiner-weisser-fisch-04-150x150.jpg\" class=\"attachment-thumbnail size-thumbnail\" alt=\"Kleiner weisser Fisch\" title=\"\"><\/a>\n\t\t\t<\/div><\/figure><figure class='gallery-item'>\n\t\t\t<div class='gallery-icon portrait'>\n\t\t\t\t<a href=\"https:\/\/kitabluemli.ch\/en\/der-kleiner-weisser-fisch\/kleiner-weisser-fisch-02\/\"><img decoding=\"async\" width=\"150\" height=\"150\" src=\"https:\/\/kitabluemli.ch\/wp-content\/uploads\/2018\/03\/kleiner-weisser-fisch-02-150x150.jpg\" class=\"attachment-thumbnail size-thumbnail\" alt=\"Kleiner weisser Fisch\" title=\"\"><\/a>\n\t\t\t<\/div><\/figure><figure class='gallery-item'>\n\t\t\t<div class='gallery-icon portrait'>\n\t\t\t\t<a href=\"https:\/\/kitabluemli.ch\/en\/der-kleiner-weisser-fisch\/kleiner-weisser-fisch-03\/\"><img loading=\"lazy\" decoding=\"async\" width=\"150\" height=\"150\" src=\"https:\/\/kitabluemli.ch\/wp-content\/uploads\/2018\/03\/kleiner-weisser-fisch-03-150x150.jpg\" class=\"attachment-thumbnail size-thumbnail\" alt=\"Kleiner weisser Fisch\" title=\"\"><\/a>\n\t\t\t<\/div><\/figure><figure class='gallery-item'>\n\t\t\t<div class='gallery-icon portrait'>\n\t\t\t\t<a href=\"https:\/\/kitabluemli.ch\/en\/der-kleiner-weisser-fisch\/kleiner-weisser-fisch-05\/\"><img loading=\"lazy\" decoding=\"async\" width=\"150\" height=\"150\" src=\"https:\/\/kitabluemli.ch\/wp-content\/uploads\/2018\/03\/kleiner-weisser-fisch-05-150x150.jpg\" class=\"attachment-thumbnail size-thumbnail\" alt=\"Kleiner weisser Fisch\" title=\"\"><\/a>\n\t\t\t<\/div><\/figure>\n\t\t<\/div>","protected":false},"excerpt":{"rendered":"<p>Kleiner weisser Fisch &#8211; eine emotional erz\u00e4hlte Geschichte zum ersten Farbenlernen. Tolle Zeit beim Malen und Geschichte erz\u00e4hlen. Wir wissen\u00a0nicht wie oft wir schon mit dem kleinen weissen Fisch nach seiner Mama gesucht haben. Ist ja auch egal, jedenfalls sind unsere Kinder von Anfang an mit Begeisterung dabei. Hier wird immer wieder mitgefiebert! &#171;Der kleine [&hellip;]<\/p>\n","protected":false},"author":2,"featured_media":5474,"comment_status":"closed","ping_status":"closed","sticky":false,"template":"","format":"gallery","meta":{"footnotes":""},"categories":[519],"tags":[],"class_list":["post-5469","post","type-post","status-publish","format-gallery","has-post-thumbnail","hentry","category-kinderkrippe-blog","post_format-post-format-gallery"],"_links":{"self":[{"href":"https:\/\/kitabluemli.ch\/en\/wp-json\/wp\/v2\/posts\/5469","targetHints":{"allow":["GET"]}}],"collection":[{"href":"https:\/\/kitabluemli.ch\/en\/wp-json\/wp\/v2\/posts"}],"about":[{"href":"https:\/\/kitabluemli.ch\/en\/wp-json\/wp\/v2\/types\/post"}],"author":[{"embeddable":true,"href":"https:\/\/kitabluemli.ch\/en\/wp-json\/wp\/v2\/users\/2"}],"replies":[{"embeddable":true,"href":"https:\/\/kitabluemli.ch\/en\/wp-json\/wp\/v2\/comments?post=5469"}],"version-history":[{"count":0,"href":"https:\/\/kitabluemli.ch\/en\/wp-json\/wp\/v2\/posts\/5469\/revisions"}],"wp:featuredmedia":[{"embeddable":true,"href":"https:\/\/kitabluemli.ch\/en\/wp-json\/wp\/v2\/media\/5474"}],"wp:attachment":[{"href":"https:\/\/kitabluemli.ch\/en\/wp-json\/wp\/v2\/media?parent=5469"}],"wp:term":[{"taxonomy":"category","embeddable":true,"href":"https:\/\/kitabluemli.ch\/en\/wp-json\/wp\/v2\/categories?post=5469"},{"taxonomy":"post_tag","embeddable":true,"href":"https:\/\/kitabluemli.ch\/en\/wp-json\/wp\/v2\/tags?post=5469"}],"curies":[{"name":"wp","href":"https:\/\/api.w.org\/{rel}","templated":true}]}}