{"id":5508,"date":"2018-03-27T08:00:06","date_gmt":"2018-03-27T06:00:06","guid":{"rendered":"https:\/\/eager-austin.188-34-163-140.plesk.page\/?p=5508"},"modified":"2018-03-27T08:00:06","modified_gmt":"2018-03-27T06:00:06","slug":"fensterdeko-fuer-ostern","status":"publish","type":"post","link":"https:\/\/kitabluemli.ch\/en\/fensterdeko-fuer-ostern\/","title":{"rendered":"Fensterdeko f\u00fcr Ostern"},"content":{"rendered":"<div id='gallery-1' class='gallery galleryid-5508 gallery-columns-3 gallery-size-thumbnail'><figure class='gallery-item'>\n\t\t\t<div class='gallery-icon landscape'>\n\t\t\t\t<a href='https:\/\/kitabluemli.ch\/en\/fensterdeko-fuer-ostern\/fensterdeko-ostern-03\/'><img decoding=\"async\" width=\"150\" height=\"150\" src=\"https:\/\/kitabluemli.ch\/wp-content\/uploads\/2018\/03\/fensterdeko-ostern-03-150x150.jpg\" class=\"attachment-thumbnail size-thumbnail\" alt=\"Fensterdeko Ostern\" title=\"\"><\/a>\n\t\t\t<\/div><\/figure><figure class='gallery-item'>\n\t\t\t<div class='gallery-icon portrait'>\n\t\t\t\t<a href='https:\/\/kitabluemli.ch\/en\/fensterdeko-fuer-ostern\/fensterdeko-ostern-01\/'><img decoding=\"async\" width=\"150\" height=\"150\" src=\"https:\/\/kitabluemli.ch\/wp-content\/uploads\/2018\/03\/fensterdeko-ostern-01-150x150.jpg\" class=\"attachment-thumbnail size-thumbnail\" alt=\"Fensterdeko Ostern\" title=\"\"><\/a>\n\t\t\t<\/div><\/figure><figure class='gallery-item'>\n\t\t\t<div class='gallery-icon portrait'>\n\t\t\t\t<a href='https:\/\/kitabluemli.ch\/en\/fensterdeko-fuer-ostern\/fensterdeko-ostern-02\/'><img decoding=\"async\" width=\"150\" height=\"150\" src=\"https:\/\/kitabluemli.ch\/wp-content\/uploads\/2018\/03\/fensterdeko-ostern-02-150x150.jpg\" class=\"attachment-thumbnail size-thumbnail\" alt=\"Fensterdeko Ostern\" title=\"\"><\/a>\n\t\t\t<\/div><\/figure>\n\t\t<\/div>\n\n<p>Letzte Woche haben wir mit den Kindern absolut geniale Fensterdeko f\u00fcr Ostern gemacht und damit die Kinderkrippen Fenster dekoriert.\u00a0Daf\u00fcr haben wir verschiedene Materialien und Techniken eingesetzt, Papier, Karton und Fingerfarbe. Daraus sind wundersch\u00f6ne Osterbasteleien entstanden\u00a0die das Licht\u00a0bei Sonnenschein durchlassen und erzeugen so, sch\u00f6ne Effekte im ganzen Raum.<\/p>\n<p>Osterhase, bunten Ostereier, lustige H\u00fchner, gr\u00fcne Wiesen und vieles mehr dekorieren jetzt unsere Fenster.\u00a0Da Ostern aber auch ein Fest vom Fr\u00fchling ist, haben wir auch sch\u00f6ne Fr\u00fchlingsmotive wie Blumen, insbesondere\u00a0farbenfrohen\u00a0Tulpen, f\u00fcr die \u00a0Deko kreiert.<\/p>\n<p>Unsere Kinder sind absolut begeistert von unsere Fenster und wir finde auch, dass sie richtig sch\u00f6n aussehen.<\/p>\n<p>&nbsp;<\/p>\n<p>Fensterdeko Ideen auf Pinterest:\u00a0<a href=\"https:\/\/www.pinterest.de\/pin\/715579828266177653\/?lp=true\" target=\"_blank\" rel=\"noopener\">Ostern basteln mit Kindern<\/a><\/p>","protected":false},"excerpt":{"rendered":"<p>Letzte Woche haben wir mit den Kindern absolut geniale Fensterdeko f\u00fcr Ostern gemacht und damit die Kinderkrippen Fenster dekoriert.\u00a0Daf\u00fcr haben wir verschiedene Materialien und Techniken eingesetzt, Papier, Karton und Fingerfarbe. Daraus sind wundersch\u00f6ne Osterbasteleien entstanden\u00a0die das Licht\u00a0bei Sonnenschein durchlassen und erzeugen so, sch\u00f6ne Effekte im ganzen Raum. Osterhase, bunten Ostereier, lustige H\u00fchner, gr\u00fcne Wiesen und [&hellip;]<\/p>\n","protected":false},"author":2,"featured_media":5516,"comment_status":"closed","ping_status":"closed","sticky":false,"template":"","format":"gallery","meta":{"footnotes":""},"categories":[1],"tags":[],"class_list":["post-5508","post","type-post","status-publish","format-gallery","has-post-thumbnail","hentry","category-allgemein-blog","post_format-post-format-gallery"],"_links":{"self":[{"href":"https:\/\/kitabluemli.ch\/en\/wp-json\/wp\/v2\/posts\/5508","targetHints":{"allow":["GET"]}}],"collection":[{"href":"https:\/\/kitabluemli.ch\/en\/wp-json\/wp\/v2\/posts"}],"about":[{"href":"https:\/\/kitabluemli.ch\/en\/wp-json\/wp\/v2\/types\/post"}],"author":[{"embeddable":true,"href":"https:\/\/kitabluemli.ch\/en\/wp-json\/wp\/v2\/users\/2"}],"replies":[{"embeddable":true,"href":"https:\/\/kitabluemli.ch\/en\/wp-json\/wp\/v2\/comments?post=5508"}],"version-history":[{"count":0,"href":"https:\/\/kitabluemli.ch\/en\/wp-json\/wp\/v2\/posts\/5508\/revisions"}],"wp:featuredmedia":[{"embeddable":true,"href":"https:\/\/kitabluemli.ch\/en\/wp-json\/wp\/v2\/media\/5516"}],"wp:attachment":[{"href":"https:\/\/kitabluemli.ch\/en\/wp-json\/wp\/v2\/media?parent=5508"}],"wp:term":[{"taxonomy":"category","embeddable":true,"href":"https:\/\/kitabluemli.ch\/en\/wp-json\/wp\/v2\/categories?post=5508"},{"taxonomy":"post_tag","embeddable":true,"href":"https:\/\/kitabluemli.ch\/en\/wp-json\/wp\/v2\/tags?post=5508"}],"curies":[{"name":"wp","href":"https:\/\/api.w.org\/{rel}","templated":true}]}}