{"id":5528,"date":"2018-03-28T08:00:23","date_gmt":"2018-03-28T06:00:23","guid":{"rendered":"https:\/\/eager-austin.188-34-163-140.plesk.page\/?p=5528"},"modified":"2018-03-28T08:00:23","modified_gmt":"2018-03-28T06:00:23","slug":"osterhase-und-osternest","status":"publish","type":"post","link":"https:\/\/kitabluemli.ch\/en\/osterhase-und-osternest\/","title":{"rendered":"Osterhase und Osternest"},"content":{"rendered":"<div id='gallery-1' class='gallery galleryid-5528 gallery-columns-3 gallery-size-thumbnail'><figure class='gallery-item'>\n\t\t\t<div class='gallery-icon landscape'>\n\t\t\t\t<a href='https:\/\/kitabluemli.ch\/en\/osterhase-und-osternest\/murmel-hasen-und-osternest-10\/'><img decoding=\"async\" width=\"150\" height=\"150\" src=\"https:\/\/kitabluemli.ch\/wp-content\/uploads\/2018\/03\/murmel-hasen-und-osternest-10-150x150.jpg\" class=\"attachment-thumbnail size-thumbnail\" alt=\"Osterhase und Osternest\" title=\"\"><\/a>\n\t\t\t<\/div><\/figure><figure class='gallery-item'>\n\t\t\t<div class='gallery-icon landscape'>\n\t\t\t\t<a href='https:\/\/kitabluemli.ch\/en\/osterhase-und-osternest\/murmel-hasen-und-osternest-09\/'><img decoding=\"async\" width=\"150\" height=\"150\" src=\"https:\/\/kitabluemli.ch\/wp-content\/uploads\/2018\/03\/murmel-hasen-und-osternest-09-150x150.jpg\" class=\"attachment-thumbnail size-thumbnail\" alt=\"Osterhase und Osternest\" title=\"\"><\/a>\n\t\t\t<\/div><\/figure><figure class='gallery-item'>\n\t\t\t<div class='gallery-icon landscape'>\n\t\t\t\t<a href='https:\/\/kitabluemli.ch\/en\/osterhase-und-osternest\/murmel-hasen-und-osternest-05\/'><img decoding=\"async\" width=\"150\" height=\"150\" src=\"https:\/\/kitabluemli.ch\/wp-content\/uploads\/2018\/03\/murmel-hasen-und-osternest-05-150x150.jpg\" class=\"attachment-thumbnail size-thumbnail\" alt=\"Osterhase und Osternest\" title=\"\"><\/a>\n\t\t\t<\/div><\/figure><figure class='gallery-item'>\n\t\t\t<div class='gallery-icon landscape'>\n\t\t\t\t<a href='https:\/\/kitabluemli.ch\/en\/osterhase-und-osternest\/murmel-hasen-und-osternest-03\/'><img loading=\"lazy\" decoding=\"async\" width=\"150\" height=\"150\" src=\"https:\/\/kitabluemli.ch\/wp-content\/uploads\/2018\/03\/murmel-hasen-und-osternest-03-150x150.jpg\" class=\"attachment-thumbnail size-thumbnail\" alt=\"Osterhase und Osternest\" title=\"\"><\/a>\n\t\t\t<\/div><\/figure><figure class='gallery-item'>\n\t\t\t<div class='gallery-icon landscape'>\n\t\t\t\t<a href='https:\/\/kitabluemli.ch\/en\/osterhase-und-osternest\/murmel-hasen-und-osternest-08\/'><img loading=\"lazy\" decoding=\"async\" width=\"150\" height=\"150\" src=\"https:\/\/kitabluemli.ch\/wp-content\/uploads\/2018\/03\/murmel-hasen-und-osternest-08-150x150.jpg\" class=\"attachment-thumbnail size-thumbnail\" alt=\"Osterhase und Osternest\" title=\"\"><\/a>\n\t\t\t<\/div><\/figure>\n\t\t<\/div>\n\n<p>Der Osterhase wird zum ersten Mal von dem Medizinprofessor &#171;Georg Franck von Franckenau&#187; im Jahr 1682 in der Abhandlung &#171;<em>De ovis paschalibus \u2013 von Oster-Eyern<\/em>&#187; erw\u00e4hnt. Er schildert f\u00fcr Oberdeutschland, Pfalz, Elsass und angrenzende Gebiete sowie Westfalen den Brauch, dass der Osterhase die Eier in G\u00e4rten im Gras und Gestr\u00e4uch versteckt, wo sie zur Freude und Belustigung der Erwachsenen von den Kindern gesucht werden. Dass der Osterhase die Eier verstecke, nennt er &#171;<em>eine Fabel, die man Simpeln und Kindern aufbindet<\/em>&#171;.<\/p>\n<p>Glaube: &#171;<i>Es gilt weithin als unsch\u00e4dlich, kleineren Kindern zu vermitteln, der Hase bringe Eier und S\u00fcssigkeiten zum Osterfest. Nach Auffassung von Psychologen regt diese Illusion die Fantasie an und unterst\u00fctze die kognitive Entwicklung. Allerdings\u00a0werden von uns kritische Fragen und Zweifel der Kinder unterst\u00fctzt, so dass der Glaube an den Hasen auch durch den Austausch mit anderen Kindern schliesslich wie von selbst verschwindet.<\/i>&#187;<\/p>\n<p>&nbsp;<\/p>\n<p>Auszug &#8211; Quelle <a href=\"https:\/\/de.wikipedia.org\/wiki\/Osterhase\" target=\"_blank\" rel=\"noopener\">Wikipedia<\/a><\/p>","protected":false},"excerpt":{"rendered":"<p>Der Osterhase wird zum ersten Mal von dem Medizinprofessor &#171;Georg Franck von Franckenau&#187; im Jahr 1682 in der Abhandlung &#171;De ovis paschalibus \u2013 von Oster-Eyern&#187; erw\u00e4hnt. Er schildert f\u00fcr Oberdeutschland, Pfalz, Elsass und angrenzende Gebiete sowie Westfalen den Brauch, dass der Osterhase die Eier in G\u00e4rten im Gras und Gestr\u00e4uch versteckt, wo sie zur Freude [&hellip;]<\/p>\n","protected":false},"author":2,"featured_media":5535,"comment_status":"closed","ping_status":"closed","sticky":false,"template":"","format":"gallery","meta":{"footnotes":""},"categories":[519],"tags":[],"class_list":["post-5528","post","type-post","status-publish","format-gallery","has-post-thumbnail","hentry","category-kinderkrippe-blog","post_format-post-format-gallery"],"_links":{"self":[{"href":"https:\/\/kitabluemli.ch\/en\/wp-json\/wp\/v2\/posts\/5528","targetHints":{"allow":["GET"]}}],"collection":[{"href":"https:\/\/kitabluemli.ch\/en\/wp-json\/wp\/v2\/posts"}],"about":[{"href":"https:\/\/kitabluemli.ch\/en\/wp-json\/wp\/v2\/types\/post"}],"author":[{"embeddable":true,"href":"https:\/\/kitabluemli.ch\/en\/wp-json\/wp\/v2\/users\/2"}],"replies":[{"embeddable":true,"href":"https:\/\/kitabluemli.ch\/en\/wp-json\/wp\/v2\/comments?post=5528"}],"version-history":[{"count":0,"href":"https:\/\/kitabluemli.ch\/en\/wp-json\/wp\/v2\/posts\/5528\/revisions"}],"wp:featuredmedia":[{"embeddable":true,"href":"https:\/\/kitabluemli.ch\/en\/wp-json\/wp\/v2\/media\/5535"}],"wp:attachment":[{"href":"https:\/\/kitabluemli.ch\/en\/wp-json\/wp\/v2\/media?parent=5528"}],"wp:term":[{"taxonomy":"category","embeddable":true,"href":"https:\/\/kitabluemli.ch\/en\/wp-json\/wp\/v2\/categories?post=5528"},{"taxonomy":"post_tag","embeddable":true,"href":"https:\/\/kitabluemli.ch\/en\/wp-json\/wp\/v2\/tags?post=5528"}],"curies":[{"name":"wp","href":"https:\/\/api.w.org\/{rel}","templated":true}]}}