{"id":5572,"date":"2018-03-31T08:00:11","date_gmt":"2018-03-31T06:00:11","guid":{"rendered":"https:\/\/eager-austin.188-34-163-140.plesk.page\/?p=5572"},"modified":"2018-03-31T08:00:11","modified_gmt":"2018-03-31T06:00:11","slug":"ostereier-basteln-im-wald","status":"publish","type":"post","link":"https:\/\/kitabluemli.ch\/en\/ostereier-basteln-im-wald\/","title":{"rendered":"Ostereier basteln im Wald"},"content":{"rendered":"<div id='gallery-1' class='gallery galleryid-5572 gallery-columns-3 gallery-size-thumbnail'><figure class='gallery-item'>\n\t\t\t<div class='gallery-icon landscape'>\n\t\t\t\t<a href='https:\/\/kitabluemli.ch\/en\/ostereier-basteln-im-wald\/ostereier-basteln-03\/'><img decoding=\"async\" width=\"150\" height=\"150\" src=\"https:\/\/kitabluemli.ch\/wp-content\/uploads\/2018\/03\/ostereier-basteln-03-150x150.jpg\" class=\"attachment-thumbnail size-thumbnail\" alt=\"Ostereier basteln\" title=\"\"><\/a>\n\t\t\t<\/div><\/figure><figure class='gallery-item'>\n\t\t\t<div class='gallery-icon portrait'>\n\t\t\t\t<a href='https:\/\/kitabluemli.ch\/en\/ostereier-basteln-im-wald\/ostereier-basteln-01\/'><img decoding=\"async\" width=\"150\" height=\"150\" src=\"https:\/\/kitabluemli.ch\/wp-content\/uploads\/2018\/03\/ostereier-basteln-01-150x150.jpg\" class=\"attachment-thumbnail size-thumbnail\" alt=\"Ostereier basteln\" title=\"\"><\/a>\n\t\t\t<\/div><\/figure><figure class='gallery-item'>\n\t\t\t<div class='gallery-icon landscape'>\n\t\t\t\t<a href='https:\/\/kitabluemli.ch\/en\/ostereier-basteln-im-wald\/ostereier-basteln-02\/'><img decoding=\"async\" width=\"150\" height=\"150\" src=\"https:\/\/kitabluemli.ch\/wp-content\/uploads\/2018\/03\/ostereier-basteln-02-150x150.jpg\" class=\"attachment-thumbnail size-thumbnail\" alt=\"Ostereier basteln\" title=\"\"><\/a>\n\t\t\t<\/div><\/figure>\n\t\t<\/div>\n\n<p>Letzte Woche haben wir farbenfrohen\u00a0Papier Ostereier im Wald gebastelt. Wir haben Bl\u00e4tter, \u00c4ste und Steine gesammelt und mit Leim auf Papier geklebt. Kleine Kunstwerke entstehen im nu!<\/p>\n<p>Wir f\u00f6rdern damit die Kreativit\u00e4t der Kinder und lassen ihre Fantasie freien lauf. Die Feinmotorik wird auch nicht vernachl\u00e4ssigt sowie das Tastgef\u00fchl, f\u00fcr die verschiedene Materialien, die man im Wald findet. Was daraus entstanden ist kann sich sehen lassen.<\/p>\n<p>Morgen ist bereits Ostern! Ihr sucht immer noch nach Ideen, um tolle Ostereier, Osterhasen oder weitere Osterdeko zu basteln? Dann haben wir ein paar tolle Bastelanleitungen f\u00fcr euch auf HelloFamily gefunden:\u00a0<a href=\"https:\/\/www.hellofamily.ch\/de\/freizeit\/basteln\/ostern.html?ccmp=_1:dynamic-search-ads_2:hellofamily_3:ext_4:sem_5:google-search_6:text-ad_7:web_8:004_9:de&amp;gclid=EAIaIQobChMI5ZXs8taK2gIVhhwbCh0peA5IEAMYASAAEgJhJfD_BwE&amp;gclsrc=aw.ds&amp;dclid=CLGL2o3XitoCFVKg7QoddWcDVg\" target=\"_blank\" rel=\"noopener\">Zu Ostern basteln<\/a><\/p>\n<p class=\"single_title\">","protected":false},"excerpt":{"rendered":"<p>Letzte Woche haben wir farbenfrohen\u00a0Papier Ostereier im Wald gebastelt. Wir haben Bl\u00e4tter, \u00c4ste und Steine gesammelt und mit Leim auf Papier geklebt. Kleine Kunstwerke entstehen im nu! Wir f\u00f6rdern damit die Kreativit\u00e4t der Kinder und lassen ihre Fantasie freien lauf. Die Feinmotorik wird auch nicht vernachl\u00e4ssigt sowie das Tastgef\u00fchl, f\u00fcr die verschiedene Materialien, die man [&hellip;]<\/p>\n","protected":false},"author":2,"featured_media":5575,"comment_status":"closed","ping_status":"closed","sticky":false,"template":"","format":"gallery","meta":{"footnotes":""},"categories":[520],"tags":[],"class_list":["post-5572","post","type-post","status-publish","format-gallery","has-post-thumbnail","hentry","category-waldkinderkrippe-blog","post_format-post-format-gallery"],"_links":{"self":[{"href":"https:\/\/kitabluemli.ch\/en\/wp-json\/wp\/v2\/posts\/5572","targetHints":{"allow":["GET"]}}],"collection":[{"href":"https:\/\/kitabluemli.ch\/en\/wp-json\/wp\/v2\/posts"}],"about":[{"href":"https:\/\/kitabluemli.ch\/en\/wp-json\/wp\/v2\/types\/post"}],"author":[{"embeddable":true,"href":"https:\/\/kitabluemli.ch\/en\/wp-json\/wp\/v2\/users\/2"}],"replies":[{"embeddable":true,"href":"https:\/\/kitabluemli.ch\/en\/wp-json\/wp\/v2\/comments?post=5572"}],"version-history":[{"count":0,"href":"https:\/\/kitabluemli.ch\/en\/wp-json\/wp\/v2\/posts\/5572\/revisions"}],"wp:featuredmedia":[{"embeddable":true,"href":"https:\/\/kitabluemli.ch\/en\/wp-json\/wp\/v2\/media\/5575"}],"wp:attachment":[{"href":"https:\/\/kitabluemli.ch\/en\/wp-json\/wp\/v2\/media?parent=5572"}],"wp:term":[{"taxonomy":"category","embeddable":true,"href":"https:\/\/kitabluemli.ch\/en\/wp-json\/wp\/v2\/categories?post=5572"},{"taxonomy":"post_tag","embeddable":true,"href":"https:\/\/kitabluemli.ch\/en\/wp-json\/wp\/v2\/tags?post=5572"}],"curies":[{"name":"wp","href":"https:\/\/api.w.org\/{rel}","templated":true}]}}