{"id":5631,"date":"2018-04-05T09:03:46","date_gmt":"2018-04-05T07:03:46","guid":{"rendered":"https:\/\/eager-austin.188-34-163-140.plesk.page\/?p=5631"},"modified":"2018-04-05T09:03:46","modified_gmt":"2018-04-05T07:03:46","slug":"der-letzte-schnee","status":"publish","type":"post","link":"https:\/\/kitabluemli.ch\/en\/der-letzte-schnee\/","title":{"rendered":"Der letzte Schnee"},"content":{"rendered":"<div id='gallery-1' class='gallery galleryid-5631 gallery-columns-3 gallery-size-thumbnail'><figure class='gallery-item'>\n\t\t\t<div class='gallery-icon portrait'>\n\t\t\t\t<a href='https:\/\/kitabluemli.ch\/en\/der-letzte-schnee\/der-letzte-schnee-01\/'><img decoding=\"async\" width=\"150\" height=\"150\" src=\"https:\/\/kitabluemli.ch\/wp-content\/uploads\/2018\/04\/der-letzte-schnee-01-150x150.jpg\" class=\"attachment-thumbnail size-thumbnail\" alt=\"Der letzte Schnee\" title=\"\"><\/a>\n\t\t\t<\/div><\/figure><figure class='gallery-item'>\n\t\t\t<div class='gallery-icon portrait'>\n\t\t\t\t<a href='https:\/\/kitabluemli.ch\/en\/der-letzte-schnee\/der-letzte-schnee-02\/'><img decoding=\"async\" width=\"150\" height=\"150\" src=\"https:\/\/kitabluemli.ch\/wp-content\/uploads\/2018\/04\/der-letzte-schnee-02-150x150.jpg\" class=\"attachment-thumbnail size-thumbnail\" alt=\"Der letzte Schnee\" title=\"\"><\/a>\n\t\t\t<\/div><\/figure>\n\t\t<\/div>\n\n<p>Leise nieselt&#8217;s, kein Schnee! Der letzte Schnee! Es ist w\u00e4rmer geworden, statt Schnee gibt es Regen. Unsere Waldkita Gruppe hat trotzdem noch ein bisschen Schnee im Wald gefunden. Es ist nicht wie sonst, es ist leicht matschig&#8230; bald wird alles weg sein. Behutsam laufen wir dar\u00fcber, sp\u00fcren das letzte knistern, hinterlassen unsere Abdr\u00fccke und freuen uns aber bereits auf den Fr\u00fchling.<\/p>\n<p>Bei Taupunkttemperaturen oberhalb des Nullpunkts\u00a0taut\u00a0der Schnee, er geht ausschliesslich in die Fl\u00fcssigphase \u00fcber. Kurzwellige Sonnenstrahlung\u00a0oder durch in den Schnee fallenden Regen beschleunigt die Schneeschmelze. Bald wird auch dieser letzte\u00a0Schnee durch Sonneneinstrahlung, Regen oder warmem Wind endg\u00fcltig schmelzen.<\/p>\n<p>&nbsp;<\/p>\n<p>Weitere Info \u00fcber Schnee auf die Webseite des <a href=\"https:\/\/www.slf.ch\/de\/schnee.html\" target=\"_blank\" rel=\"noopener\">SLF<\/a><\/p>","protected":false},"excerpt":{"rendered":"<p>Leise nieselt&#8217;s, kein Schnee! Der letzte Schnee! Es ist w\u00e4rmer geworden, statt Schnee gibt es Regen. Unsere Waldkita Gruppe hat trotzdem noch ein bisschen Schnee im Wald gefunden. Es ist nicht wie sonst, es ist leicht matschig&#8230; bald wird alles weg sein. Behutsam laufen wir dar\u00fcber, sp\u00fcren das letzte knistern, hinterlassen unsere Abdr\u00fccke und freuen [&hellip;]<\/p>\n","protected":false},"author":2,"featured_media":5633,"comment_status":"closed","ping_status":"closed","sticky":false,"template":"","format":"gallery","meta":{"footnotes":""},"categories":[520],"tags":[],"class_list":["post-5631","post","type-post","status-publish","format-gallery","has-post-thumbnail","hentry","category-waldkinderkrippe-blog","post_format-post-format-gallery"],"_links":{"self":[{"href":"https:\/\/kitabluemli.ch\/en\/wp-json\/wp\/v2\/posts\/5631","targetHints":{"allow":["GET"]}}],"collection":[{"href":"https:\/\/kitabluemli.ch\/en\/wp-json\/wp\/v2\/posts"}],"about":[{"href":"https:\/\/kitabluemli.ch\/en\/wp-json\/wp\/v2\/types\/post"}],"author":[{"embeddable":true,"href":"https:\/\/kitabluemli.ch\/en\/wp-json\/wp\/v2\/users\/2"}],"replies":[{"embeddable":true,"href":"https:\/\/kitabluemli.ch\/en\/wp-json\/wp\/v2\/comments?post=5631"}],"version-history":[{"count":0,"href":"https:\/\/kitabluemli.ch\/en\/wp-json\/wp\/v2\/posts\/5631\/revisions"}],"wp:featuredmedia":[{"embeddable":true,"href":"https:\/\/kitabluemli.ch\/en\/wp-json\/wp\/v2\/media\/5633"}],"wp:attachment":[{"href":"https:\/\/kitabluemli.ch\/en\/wp-json\/wp\/v2\/media?parent=5631"}],"wp:term":[{"taxonomy":"category","embeddable":true,"href":"https:\/\/kitabluemli.ch\/en\/wp-json\/wp\/v2\/categories?post=5631"},{"taxonomy":"post_tag","embeddable":true,"href":"https:\/\/kitabluemli.ch\/en\/wp-json\/wp\/v2\/tags?post=5631"}],"curies":[{"name":"wp","href":"https:\/\/api.w.org\/{rel}","templated":true}]}}