{"id":5714,"date":"2018-04-13T17:00:38","date_gmt":"2018-04-13T15:00:38","guid":{"rendered":"https:\/\/eager-austin.188-34-163-140.plesk.page\/?p=5714"},"modified":"2018-04-13T17:00:38","modified_gmt":"2018-04-13T15:00:38","slug":"picknickwagen","status":"publish","type":"post","link":"https:\/\/kitabluemli.ch\/en\/picknickwagen\/","title":{"rendered":"Picknickwagen"},"content":{"rendered":"<div id='gallery-1' class='gallery galleryid-5714 gallery-columns-3 gallery-size-thumbnail'><figure class='gallery-item'>\n\t\t\t<div class='gallery-icon portrait'>\n\t\t\t\t<a href='https:\/\/kitabluemli.ch\/en\/picknickwagen\/picknickwagen-02\/'><img decoding=\"async\" width=\"150\" height=\"150\" src=\"https:\/\/kitabluemli.ch\/wp-content\/uploads\/2018\/04\/picknickwagen-02-150x150.jpg\" class=\"attachment-thumbnail size-thumbnail\" alt=\"Picknickwagen\" title=\"\"><\/a>\n\t\t\t<\/div><\/figure><figure class='gallery-item'>\n\t\t\t<div class='gallery-icon portrait'>\n\t\t\t\t<a href='https:\/\/kitabluemli.ch\/en\/picknickwagen\/picknickwagen-01\/'><img decoding=\"async\" width=\"150\" height=\"150\" src=\"https:\/\/kitabluemli.ch\/wp-content\/uploads\/2018\/04\/picknickwagen-01-150x150.jpg\" class=\"attachment-thumbnail size-thumbnail\" alt=\"Picknickwagen\" title=\"\"><\/a>\n\t\t\t<\/div><\/figure>\n\t\t<\/div>\n\n<p>Kennt Ihr schon unser\u00a0Picknickwagen? Mit Knallrote Abdeckung und voller Leckereien geht es zum Picknickplatz. Im Fr\u00fchling und im Sommer sind wir bei sch\u00f6nem Wetter oft mit unseren Kindern unterwegs und haben unser Picknickwagen dabei, unter freiem Himmel schmeckt sowieso alles gleich doppelt so gut.<\/p>\n<p>Unser Wagen ist voll mit Brotwaren, Wurst, K\u00e4se, Obst und Rohkost. Alles, was die Kinder gut in die Hand nehmen und ohne zu Kleckern verputzen k\u00f6nnen, ist bestens f\u00fcr unser Picknick geeignet. Bunte\u00a0Gem\u00fcse in Gelb, Rot und Orange kommen immer gut an und Brotscheiben und Kn\u00e4ckebrot werden im Windeseile aufgegessen.<\/p>\n<p>&nbsp;<\/p>\n<p>Auf <a href=\"https:\/\/www.zuerich.com\/de\/besuchen\/zuercher-parks-gaerten\" target=\"_blank\" rel=\"noopener\">zuerich.com<\/a> findet Ihr tolle Picknick-Pl\u00e4tze in und um Z\u00fcrich, viel spass&#8230;<\/p>","protected":false},"excerpt":{"rendered":"<p>Kennt Ihr schon unser\u00a0Picknickwagen? Mit Knallrote Abdeckung und voller Leckereien geht es zum Picknickplatz. Im Fr\u00fchling und im Sommer sind wir bei sch\u00f6nem Wetter oft mit unseren Kindern unterwegs und haben unser Picknickwagen dabei, unter freiem Himmel schmeckt sowieso alles gleich doppelt so gut. Unser Wagen ist voll mit Brotwaren, Wurst, K\u00e4se, Obst und Rohkost. [&hellip;]<\/p>\n","protected":false},"author":2,"featured_media":5715,"comment_status":"closed","ping_status":"closed","sticky":false,"template":"","format":"gallery","meta":{"footnotes":""},"categories":[519,520],"tags":[],"class_list":["post-5714","post","type-post","status-publish","format-gallery","has-post-thumbnail","hentry","category-kinderkrippe-blog","category-waldkinderkrippe-blog","post_format-post-format-gallery"],"_links":{"self":[{"href":"https:\/\/kitabluemli.ch\/en\/wp-json\/wp\/v2\/posts\/5714","targetHints":{"allow":["GET"]}}],"collection":[{"href":"https:\/\/kitabluemli.ch\/en\/wp-json\/wp\/v2\/posts"}],"about":[{"href":"https:\/\/kitabluemli.ch\/en\/wp-json\/wp\/v2\/types\/post"}],"author":[{"embeddable":true,"href":"https:\/\/kitabluemli.ch\/en\/wp-json\/wp\/v2\/users\/2"}],"replies":[{"embeddable":true,"href":"https:\/\/kitabluemli.ch\/en\/wp-json\/wp\/v2\/comments?post=5714"}],"version-history":[{"count":0,"href":"https:\/\/kitabluemli.ch\/en\/wp-json\/wp\/v2\/posts\/5714\/revisions"}],"wp:featuredmedia":[{"embeddable":true,"href":"https:\/\/kitabluemli.ch\/en\/wp-json\/wp\/v2\/media\/5715"}],"wp:attachment":[{"href":"https:\/\/kitabluemli.ch\/en\/wp-json\/wp\/v2\/media?parent=5714"}],"wp:term":[{"taxonomy":"category","embeddable":true,"href":"https:\/\/kitabluemli.ch\/en\/wp-json\/wp\/v2\/categories?post=5714"},{"taxonomy":"post_tag","embeddable":true,"href":"https:\/\/kitabluemli.ch\/en\/wp-json\/wp\/v2\/tags?post=5714"}],"curies":[{"name":"wp","href":"https:\/\/api.w.org\/{rel}","templated":true}]}}