{"id":5720,"date":"2018-04-14T18:00:27","date_gmt":"2018-04-14T16:00:27","guid":{"rendered":"https:\/\/eager-austin.188-34-163-140.plesk.page\/?p=5720"},"modified":"2018-04-14T18:00:27","modified_gmt":"2018-04-14T16:00:27","slug":"zusammenhalt","status":"publish","type":"post","link":"https:\/\/kitabluemli.ch\/en\/zusammenhalt\/","title":{"rendered":"Zusammenhalt"},"content":{"rendered":"<p>Zusammenhalt unter den Kinder in die KiTa f\u00f6rdern. In unsere Kita- Gruppe entstehen oft enge <a href=\"https:\/\/kitabluemli.ch\/en\/kinderfreundschaften\/\">Freundschaften<\/a> unter den Kinder, gerade auch zwischen sehr unterschiedlichen Kindern, die aber durch Vorurteile, Eifersucht, Krisensituationen immer wider auf die Probe gestellt werden k\u00f6nnen. Durch wichtige Werte wie Solidarit\u00e4t, Zusammenhalt und Durchhalteverm\u00f6gen lassen sich solche Krisen oft bew\u00e4ltigen dies will aber gelernt sein.<\/p>\n<div class=\"page\" title=\"Page 2\">\n<div class=\"layoutArea\">\n<div class=\"column\">\n<p>Es ist sehr wichtig, dass wir Freundschaften und die mit ihnen einhergehenden guten und belastenden Emotionen schon in diesem fr\u00fchem Alter sehr ernst nehmen, sie mit den Kindern thematisieren und in schwierigen Situationen gemeinsam nach L\u00f6sungen suchen.<\/p>\n<\/div>\n<\/div>\n<\/div>\n<p>Wir unterst\u00fctzen die Kinder in diese sehr wichtige Erfahrung und stehen ihnen zur Seite.<\/p>\n<p>&nbsp;<\/p>","protected":false},"excerpt":{"rendered":"<p>Zusammenhalt unter den Kinder in die KiTa f\u00f6rdern. In unsere Kita- Gruppe entstehen oft enge Freundschaften unter den Kinder, gerade auch zwischen sehr unterschiedlichen Kindern, die aber durch Vorurteile, Eifersucht, Krisensituationen immer wider auf die Probe gestellt werden k\u00f6nnen. Durch wichtige Werte wie Solidarit\u00e4t, Zusammenhalt und Durchhalteverm\u00f6gen lassen sich solche Krisen oft bew\u00e4ltigen dies will [&hellip;]<\/p>\n","protected":false},"author":2,"featured_media":5722,"comment_status":"closed","ping_status":"closed","sticky":false,"template":"","format":"standard","meta":{"footnotes":""},"categories":[1,519,520],"tags":[],"class_list":["post-5720","post","type-post","status-publish","format-standard","has-post-thumbnail","hentry","category-allgemein-blog","category-kinderkrippe-blog","category-waldkinderkrippe-blog"],"_links":{"self":[{"href":"https:\/\/kitabluemli.ch\/en\/wp-json\/wp\/v2\/posts\/5720","targetHints":{"allow":["GET"]}}],"collection":[{"href":"https:\/\/kitabluemli.ch\/en\/wp-json\/wp\/v2\/posts"}],"about":[{"href":"https:\/\/kitabluemli.ch\/en\/wp-json\/wp\/v2\/types\/post"}],"author":[{"embeddable":true,"href":"https:\/\/kitabluemli.ch\/en\/wp-json\/wp\/v2\/users\/2"}],"replies":[{"embeddable":true,"href":"https:\/\/kitabluemli.ch\/en\/wp-json\/wp\/v2\/comments?post=5720"}],"version-history":[{"count":0,"href":"https:\/\/kitabluemli.ch\/en\/wp-json\/wp\/v2\/posts\/5720\/revisions"}],"wp:featuredmedia":[{"embeddable":true,"href":"https:\/\/kitabluemli.ch\/en\/wp-json\/wp\/v2\/media\/5722"}],"wp:attachment":[{"href":"https:\/\/kitabluemli.ch\/en\/wp-json\/wp\/v2\/media?parent=5720"}],"wp:term":[{"taxonomy":"category","embeddable":true,"href":"https:\/\/kitabluemli.ch\/en\/wp-json\/wp\/v2\/categories?post=5720"},{"taxonomy":"post_tag","embeddable":true,"href":"https:\/\/kitabluemli.ch\/en\/wp-json\/wp\/v2\/tags?post=5720"}],"curies":[{"name":"wp","href":"https:\/\/api.w.org\/{rel}","templated":true}]}}