{"id":5726,"date":"2018-04-15T19:38:48","date_gmt":"2018-04-15T17:38:48","guid":{"rendered":"https:\/\/eager-austin.188-34-163-140.plesk.page\/?p=5726"},"modified":"2024-12-14T11:22:01","modified_gmt":"2024-12-14T10:22:01","slug":"waldkinderkrippe","status":"publish","type":"post","link":"https:\/\/kitabluemli.ch\/en\/waldkinderkrippe\/","title":{"rendered":"Forest Daycare"},"content":{"rendered":"<p>Das Spezielle an unsere Waldkinderkrippe ist, dass die Kinder bei starkem Regen, Gewitter oder K\u00e4lte die M\u00f6glichkeit haben in die gem\u00fctlichen R\u00e4umlichkeiten der Kita zu bleiben.\u00a0Die Kinder lernen w\u00e4hrend der regelm\u00e4ssigen Streifz\u00fcge durch die n\u00e4here Umgebung und in die W\u00e4lder immer neue Pl\u00e4tze kennen.\u00a0Im Wald spielen wir mit das was der wald f\u00fcr uns bereith\u00e4lt, was der Jahreszeit entsprechend vorhanden ist und was die Kinder gefahrlos nutzen k\u00f6nnen. Gefallene Baust\u00e4mme und starke \u00c4ste laden ein zum Klettern und auf der Blumenwiese beobachten wir K\u00e4fer und Grash\u00fcpfer.<\/p>\n<p>Haben Sie Interesse? Ihr Kind kann ein paar Tage die <a href=\"https:\/\/kitabluemli.ch\/en\/\">Forest Daycare<\/a> und die restlichen Tage die <a href=\"https:\/\/kitabluemli.ch\/en\/\">Daycare<\/a> besuchen. Bei einem pers\u00f6nlichem Gespr\u00e4ch werden wir sicher die richtige Betreuung f\u00fcr Ihr Kind finden.<\/p>","protected":false},"excerpt":{"rendered":"<p>Das Spezielle an unsere Waldkinderkrippe ist, dass die Kinder bei starkem Regen, Gewitter oder K\u00e4lte die M\u00f6glichkeit haben in die gem\u00fctlichen R\u00e4umlichkeiten der Kita zu bleiben.\u00a0Die Kinder lernen w\u00e4hrend der regelm\u00e4ssigen Streifz\u00fcge durch die n\u00e4here Umgebung und in die W\u00e4lder immer neue Pl\u00e4tze kennen.\u00a0Im Wald spielen wir mit das was der wald f\u00fcr uns bereith\u00e4lt, [&hellip;]<\/p>\n","protected":false},"author":2,"featured_media":5727,"comment_status":"closed","ping_status":"closed","sticky":false,"template":"","format":"standard","meta":{"footnotes":""},"categories":[1,519,520],"tags":[],"class_list":["post-5726","post","type-post","status-publish","format-standard","has-post-thumbnail","hentry","category-allgemein-blog","category-kinderkrippe-blog","category-waldkinderkrippe-blog"],"_links":{"self":[{"href":"https:\/\/kitabluemli.ch\/en\/wp-json\/wp\/v2\/posts\/5726","targetHints":{"allow":["GET"]}}],"collection":[{"href":"https:\/\/kitabluemli.ch\/en\/wp-json\/wp\/v2\/posts"}],"about":[{"href":"https:\/\/kitabluemli.ch\/en\/wp-json\/wp\/v2\/types\/post"}],"author":[{"embeddable":true,"href":"https:\/\/kitabluemli.ch\/en\/wp-json\/wp\/v2\/users\/2"}],"replies":[{"embeddable":true,"href":"https:\/\/kitabluemli.ch\/en\/wp-json\/wp\/v2\/comments?post=5726"}],"version-history":[{"count":0,"href":"https:\/\/kitabluemli.ch\/en\/wp-json\/wp\/v2\/posts\/5726\/revisions"}],"wp:featuredmedia":[{"embeddable":true,"href":"https:\/\/kitabluemli.ch\/en\/wp-json\/wp\/v2\/media\/5727"}],"wp:attachment":[{"href":"https:\/\/kitabluemli.ch\/en\/wp-json\/wp\/v2\/media?parent=5726"}],"wp:term":[{"taxonomy":"category","embeddable":true,"href":"https:\/\/kitabluemli.ch\/en\/wp-json\/wp\/v2\/categories?post=5726"},{"taxonomy":"post_tag","embeddable":true,"href":"https:\/\/kitabluemli.ch\/en\/wp-json\/wp\/v2\/tags?post=5726"}],"curies":[{"name":"wp","href":"https:\/\/api.w.org\/{rel}","templated":true}]}}