{"id":5735,"date":"2018-04-16T07:30:53","date_gmt":"2018-04-16T05:30:53","guid":{"rendered":"https:\/\/eager-austin.188-34-163-140.plesk.page\/?p=5735"},"modified":"2018-04-16T07:30:53","modified_gmt":"2018-04-16T05:30:53","slug":"saechsilueuete-2018","status":"publish","type":"post","link":"https:\/\/kitabluemli.ch\/en\/saechsilueuete-2018\/","title":{"rendered":"S\u00e4chsil\u00fc\u00fcte 2018"},"content":{"rendered":"<div id='gallery-1' class='gallery galleryid-5735 gallery-columns-3 gallery-size-thumbnail'><figure class='gallery-item'>\n\t\t\t<div class='gallery-icon landscape'>\n\t\t\t\t<a href='https:\/\/kitabluemli.ch\/en\/saechsilueuete-2018\/saechsilueuete_01\/'><img decoding=\"async\" width=\"150\" height=\"150\" src=\"https:\/\/kitabluemli.ch\/wp-content\/uploads\/2018\/04\/saechsilueuete_01-150x150.jpg\" class=\"attachment-thumbnail size-thumbnail\" alt=\"S\u00e4chsil\u00fc\u00fcte\" title=\"\"><\/a>\n\t\t\t<\/div><\/figure><figure class='gallery-item'>\n\t\t\t<div class='gallery-icon landscape'>\n\t\t\t\t<a href='https:\/\/kitabluemli.ch\/en\/saechsilueuete-2018\/saechsilueuete_03\/'><img decoding=\"async\" width=\"150\" height=\"150\" src=\"https:\/\/kitabluemli.ch\/wp-content\/uploads\/2018\/04\/saechsilueuete_03-150x150.jpg\" class=\"attachment-thumbnail size-thumbnail\" alt=\"S\u00e4chsil\u00fc\u00fcte\" title=\"\"><\/a>\n\t\t\t<\/div><\/figure><figure class='gallery-item'>\n\t\t\t<div class='gallery-icon landscape'>\n\t\t\t\t<a href='https:\/\/kitabluemli.ch\/en\/saechsilueuete-2018\/saechsilueuete_02\/'><img decoding=\"async\" width=\"150\" height=\"150\" src=\"https:\/\/kitabluemli.ch\/wp-content\/uploads\/2018\/04\/saechsilueuete_02-150x150.jpg\" class=\"attachment-thumbnail size-thumbnail\" alt=\"S\u00e4chsil\u00fc\u00fcte\" title=\"\"><\/a>\n\t\t\t<\/div><\/figure>\n\t\t<\/div>\n\n<p>Betreffend Z\u00fcrcher S\u00e4chsil\u00fc\u00fcte bleibt unsere Kinderkrippe und Waldkinderkrippe am Montagnachmittag, 16. April 2018, geschlossen.\u00a0Ab Dienstag sind wir wie gewohnt wieder ge\u00f6ffnet.<\/p>\n<p>Wir verabschieden den Winter und w\u00fcnschen alle einen guten Start in den Sommer,\u00a0das KiTa Bl\u00fcemli Team.<\/p>\n<p>&nbsp;<\/p>\n<p><em>&#171;Rund 3\u00b4500 Z\u00fcnfter in ihren farbenfrohen Kost\u00fcmen, Trachten und Uniformen, \u00fcber 350 Reiter, rund 50 ausschliesslich von Pferden gezogene Wagen und gegen 30 Musikkorps ziehen am Sechsel\u00e4uten-Montag \u00fcber Bahnhofstrasse und Limmatquai zum Sechsel\u00e4utenplatz, wo die Verbrennung des B\u00f6\u00f6ggs stattfindet. Der Zug zum Feuer ist ein sehenswertes Grossereignis, welches jedes Jahr Zehntausende von Zuschauern in die Stadt Z\u00fcrich und Hundertausende vor die Fernsehbildschirme lockt.&#187;\u00a0<strong><a href=\"https:\/\/www.sechselaeuten.ch\" target=\"_blank\" rel=\"noopener\">www.sechselaeuten.ch<\/a><\/strong><\/em><\/p>","protected":false},"excerpt":{"rendered":"<p>Betreffend Z\u00fcrcher S\u00e4chsil\u00fc\u00fcte bleibt unsere Kinderkrippe und Waldkinderkrippe am Montagnachmittag, 16. April 2018, geschlossen.\u00a0Ab Dienstag sind wir wie gewohnt wieder ge\u00f6ffnet. Wir verabschieden den Winter und w\u00fcnschen alle einen guten Start in den Sommer,\u00a0das KiTa Bl\u00fcemli Team. &nbsp; &#171;Rund 3\u00b4500 Z\u00fcnfter in ihren farbenfrohen Kost\u00fcmen, Trachten und Uniformen, \u00fcber 350 Reiter, rund 50 ausschliesslich von [&hellip;]<\/p>\n","protected":false},"author":2,"featured_media":5736,"comment_status":"closed","ping_status":"closed","sticky":false,"template":"","format":"gallery","meta":{"footnotes":""},"categories":[1],"tags":[],"class_list":["post-5735","post","type-post","status-publish","format-gallery","has-post-thumbnail","hentry","category-allgemein-blog","post_format-post-format-gallery"],"_links":{"self":[{"href":"https:\/\/kitabluemli.ch\/en\/wp-json\/wp\/v2\/posts\/5735","targetHints":{"allow":["GET"]}}],"collection":[{"href":"https:\/\/kitabluemli.ch\/en\/wp-json\/wp\/v2\/posts"}],"about":[{"href":"https:\/\/kitabluemli.ch\/en\/wp-json\/wp\/v2\/types\/post"}],"author":[{"embeddable":true,"href":"https:\/\/kitabluemli.ch\/en\/wp-json\/wp\/v2\/users\/2"}],"replies":[{"embeddable":true,"href":"https:\/\/kitabluemli.ch\/en\/wp-json\/wp\/v2\/comments?post=5735"}],"version-history":[{"count":0,"href":"https:\/\/kitabluemli.ch\/en\/wp-json\/wp\/v2\/posts\/5735\/revisions"}],"wp:featuredmedia":[{"embeddable":true,"href":"https:\/\/kitabluemli.ch\/en\/wp-json\/wp\/v2\/media\/5736"}],"wp:attachment":[{"href":"https:\/\/kitabluemli.ch\/en\/wp-json\/wp\/v2\/media?parent=5735"}],"wp:term":[{"taxonomy":"category","embeddable":true,"href":"https:\/\/kitabluemli.ch\/en\/wp-json\/wp\/v2\/categories?post=5735"},{"taxonomy":"post_tag","embeddable":true,"href":"https:\/\/kitabluemli.ch\/en\/wp-json\/wp\/v2\/tags?post=5735"}],"curies":[{"name":"wp","href":"https:\/\/api.w.org\/{rel}","templated":true}]}}