{"id":5773,"date":"2018-04-20T08:00:51","date_gmt":"2018-04-20T06:00:51","guid":{"rendered":"https:\/\/eager-austin.188-34-163-140.plesk.page\/?p=5773"},"modified":"2018-04-20T08:00:51","modified_gmt":"2018-04-20T06:00:51","slug":"bunte-kinderrucksaecke","status":"publish","type":"post","link":"https:\/\/kitabluemli.ch\/en\/bunte-kinderrucksaecke\/","title":{"rendered":"Bunte Kinderrucks\u00e4cke"},"content":{"rendered":"<p>Das is eine kleine Auswahl der Kinderrucks\u00e4cke die unsere Kinder f\u00fcr den Wald mitnehmen.Gesp\u00e4ck f\u00fcr coole Entdecker!\u00a0So gut ausger\u00fcstet, steht einem perfekten Kita-Alltag nichts mehr im Wege.<\/p>\n<p>Ein Kinderrucksack muss noch nicht allzu gross und auch nicht zu schwer sein. Alles was die Kinder f\u00fcr den Wald \u00a0brauchen findet hier sein platz&#8230; wie Regenjacken, Regenhosen, Sonnenschutz, Kappe, Zn\u00fcni oder Zvieri und nat\u00fcrlich eine Trinkflasche. \u00a0Auch k\u00f6nnen Kinder da kleine Sachen, die sie w\u00e4hrend unsere Tour entdecken darin einpacken, \u00c4ste, Steine, Bl\u00e4tter und leere Schneckenh\u00e4user finden darin Platz. Vieles das gefunden wird kann f\u00fcr unsere Basteltage eingesetzt werden.<\/p>","protected":false},"excerpt":{"rendered":"<p>Das is eine kleine Auswahl der Kinderrucks\u00e4cke die unsere Kinder f\u00fcr den Wald mitnehmen.Gesp\u00e4ck f\u00fcr coole Entdecker!\u00a0So gut ausger\u00fcstet, steht einem perfekten Kita-Alltag nichts mehr im Wege. Ein Kinderrucksack muss noch nicht allzu gross und auch nicht zu schwer sein. Alles was die Kinder f\u00fcr den Wald \u00a0brauchen findet hier sein platz&#8230; wie Regenjacken, Regenhosen, [&hellip;]<\/p>\n","protected":false},"author":2,"featured_media":5774,"comment_status":"closed","ping_status":"closed","sticky":false,"template":"","format":"standard","meta":{"footnotes":""},"categories":[1,519,520],"tags":[],"class_list":["post-5773","post","type-post","status-publish","format-standard","has-post-thumbnail","hentry","category-allgemein-blog","category-kinderkrippe-blog","category-waldkinderkrippe-blog"],"_links":{"self":[{"href":"https:\/\/kitabluemli.ch\/en\/wp-json\/wp\/v2\/posts\/5773","targetHints":{"allow":["GET"]}}],"collection":[{"href":"https:\/\/kitabluemli.ch\/en\/wp-json\/wp\/v2\/posts"}],"about":[{"href":"https:\/\/kitabluemli.ch\/en\/wp-json\/wp\/v2\/types\/post"}],"author":[{"embeddable":true,"href":"https:\/\/kitabluemli.ch\/en\/wp-json\/wp\/v2\/users\/2"}],"replies":[{"embeddable":true,"href":"https:\/\/kitabluemli.ch\/en\/wp-json\/wp\/v2\/comments?post=5773"}],"version-history":[{"count":0,"href":"https:\/\/kitabluemli.ch\/en\/wp-json\/wp\/v2\/posts\/5773\/revisions"}],"wp:featuredmedia":[{"embeddable":true,"href":"https:\/\/kitabluemli.ch\/en\/wp-json\/wp\/v2\/media\/5774"}],"wp:attachment":[{"href":"https:\/\/kitabluemli.ch\/en\/wp-json\/wp\/v2\/media?parent=5773"}],"wp:term":[{"taxonomy":"category","embeddable":true,"href":"https:\/\/kitabluemli.ch\/en\/wp-json\/wp\/v2\/categories?post=5773"},{"taxonomy":"post_tag","embeddable":true,"href":"https:\/\/kitabluemli.ch\/en\/wp-json\/wp\/v2\/tags?post=5773"}],"curies":[{"name":"wp","href":"https:\/\/api.w.org\/{rel}","templated":true}]}}