{"id":5781,"date":"2018-04-21T20:00:09","date_gmt":"2018-04-21T18:00:09","guid":{"rendered":"https:\/\/eager-austin.188-34-163-140.plesk.page\/?p=5781"},"modified":"2024-12-14T11:22:02","modified_gmt":"2024-12-14T10:22:02","slug":"zvieri-im-garten","status":"publish","type":"post","link":"https:\/\/kitabluemli.ch\/en\/zvieri-im-garten\/","title":{"rendered":"Zvieri im Garten"},"content":{"rendered":"<p>Die Tage werden langsam w\u00e4rmer und wir nehmen fast alle unsere Zvieri im Garten. In die <a href=\"https:\/\/kitabluemli.ch\/en\/\">Forest Daycare<\/a> haben wir einen eigenen Garten direkt f\u00fcr der KiTa. Bei den grossen Fenster haben wir gem\u00fctliche Sitzgelegenheiten eingerichtet.\u00a0Zvieri gibt es bei uns t\u00e4glich zwischen 16:00 und 16:30 Uhr.<\/p>\n<p>In unsere bunt und fantasievoll zusammengestellte Mahlzeiten integrieren wir stets frische Fr\u00fcchte und Saison Gem\u00fcse zu Microc, Blevita oder\u00a0Zwieback und erg\u00e4nzen es je nach Bedarf mit Milchprodukte sowie N\u00fcsse.\u00a0Dazu gibt es zum Trinken\u00a0Wasser oder unges\u00fcssten Kr\u00e4uter\u00ad und Fr\u00fcchtetee.<\/p>\n<p><em>Essen und Trinken im Freiem sind genussvolle Sinneserlebnisse und machen Kinder satt und leistungsf\u00e4hig.<\/em><\/p>\n<p>&nbsp;<\/p>\n<p>&nbsp;<\/p>\n<p>Weitere Tipps f\u00fcr gesundes Essen auf <a href=\"http:\/\/www.sge-ssn.ch\/bildung-und-schule\/essen-in-der-schule\/znueni-und-zvieri\/\" target=\"_blank\" rel=\"noopener\">sge-ssn.ch<\/a><\/p>\n<p>&nbsp;<\/p>","protected":false},"excerpt":{"rendered":"<p>Die Tage werden langsam w\u00e4rmer und wir nehmen fast alle unsere Zvieri im Garten. In die Waldkinderkrippe haben wir einen eigenen Garten direkt f\u00fcr der KiTa. Bei den grossen Fenster haben wir gem\u00fctliche Sitzgelegenheiten eingerichtet.\u00a0Zvieri gibt es bei uns t\u00e4glich zwischen 16:00 und 16:30 Uhr. In unsere bunt und fantasievoll zusammengestellte Mahlzeiten integrieren wir stets [&hellip;]<\/p>\n","protected":false},"author":2,"featured_media":5783,"comment_status":"closed","ping_status":"closed","sticky":false,"template":"","format":"standard","meta":{"footnotes":""},"categories":[520],"tags":[],"class_list":["post-5781","post","type-post","status-publish","format-standard","has-post-thumbnail","hentry","category-waldkinderkrippe-blog"],"_links":{"self":[{"href":"https:\/\/kitabluemli.ch\/en\/wp-json\/wp\/v2\/posts\/5781","targetHints":{"allow":["GET"]}}],"collection":[{"href":"https:\/\/kitabluemli.ch\/en\/wp-json\/wp\/v2\/posts"}],"about":[{"href":"https:\/\/kitabluemli.ch\/en\/wp-json\/wp\/v2\/types\/post"}],"author":[{"embeddable":true,"href":"https:\/\/kitabluemli.ch\/en\/wp-json\/wp\/v2\/users\/2"}],"replies":[{"embeddable":true,"href":"https:\/\/kitabluemli.ch\/en\/wp-json\/wp\/v2\/comments?post=5781"}],"version-history":[{"count":0,"href":"https:\/\/kitabluemli.ch\/en\/wp-json\/wp\/v2\/posts\/5781\/revisions"}],"wp:featuredmedia":[{"embeddable":true,"href":"https:\/\/kitabluemli.ch\/en\/wp-json\/wp\/v2\/media\/5783"}],"wp:attachment":[{"href":"https:\/\/kitabluemli.ch\/en\/wp-json\/wp\/v2\/media?parent=5781"}],"wp:term":[{"taxonomy":"category","embeddable":true,"href":"https:\/\/kitabluemli.ch\/en\/wp-json\/wp\/v2\/categories?post=5781"},{"taxonomy":"post_tag","embeddable":true,"href":"https:\/\/kitabluemli.ch\/en\/wp-json\/wp\/v2\/tags?post=5781"}],"curies":[{"name":"wp","href":"https:\/\/api.w.org\/{rel}","templated":true}]}}