{"id":5789,"date":"2018-04-22T20:00:45","date_gmt":"2018-04-22T18:00:45","guid":{"rendered":"https:\/\/eager-austin.188-34-163-140.plesk.page\/?p=5789"},"modified":"2018-04-22T20:00:45","modified_gmt":"2018-04-22T18:00:45","slug":"alles-gruen","status":"publish","type":"post","link":"https:\/\/kitabluemli.ch\/en\/alles-gruen\/","title":{"rendered":"Alles Gr\u00fcn !"},"content":{"rendered":"<div id='gallery-1' class='gallery galleryid-5789 gallery-columns-3 gallery-size-thumbnail'><figure class='gallery-item'>\n\t\t\t<div class='gallery-icon landscape'>\n\t\t\t\t<a href='https:\/\/kitabluemli.ch\/en\/alles-gruen\/alles-gruen-06\/'><img decoding=\"async\" width=\"150\" height=\"150\" src=\"https:\/\/kitabluemli.ch\/wp-content\/uploads\/2018\/04\/alles-gruen-06-150x150.jpg\" class=\"attachment-thumbnail size-thumbnail\" alt=\"alles Gr\u00fcn\" title=\"\"><\/a>\n\t\t\t<\/div><\/figure><figure class='gallery-item'>\n\t\t\t<div class='gallery-icon landscape'>\n\t\t\t\t<a href='https:\/\/kitabluemli.ch\/en\/alles-gruen\/alles-gruen-01\/'><img decoding=\"async\" width=\"150\" height=\"150\" src=\"https:\/\/kitabluemli.ch\/wp-content\/uploads\/2018\/04\/alles-gruen-01-150x150.jpg\" class=\"attachment-thumbnail size-thumbnail\" alt=\"alles Gr\u00fcn\" title=\"\"><\/a>\n\t\t\t<\/div><\/figure><figure class='gallery-item'>\n\t\t\t<div class='gallery-icon landscape'>\n\t\t\t\t<a href='https:\/\/kitabluemli.ch\/en\/alles-gruen\/alles-gruen-04\/'><img decoding=\"async\" width=\"150\" height=\"150\" src=\"https:\/\/kitabluemli.ch\/wp-content\/uploads\/2018\/04\/alles-gruen-04-150x150.jpg\" class=\"attachment-thumbnail size-thumbnail\" alt=\"alles Gr\u00fcn\" title=\"\"><\/a>\n\t\t\t<\/div><\/figure><figure class='gallery-item'>\n\t\t\t<div class='gallery-icon landscape'>\n\t\t\t\t<a href='https:\/\/kitabluemli.ch\/en\/alles-gruen\/alles-gruen-05\/'><img loading=\"lazy\" decoding=\"async\" width=\"150\" height=\"150\" src=\"https:\/\/kitabluemli.ch\/wp-content\/uploads\/2018\/04\/alles-gruen-05-150x150.jpg\" class=\"attachment-thumbnail size-thumbnail\" alt=\"alles Gr\u00fcn\" title=\"\"><\/a>\n\t\t\t<\/div><\/figure>\n\t\t<\/div>\n\n<p>Unser Wald ist GR\u00dcN !\u00a0Die Bl\u00e4tter der Waldb\u00e4ume saugen das Sonnenlicht zur Photosynthese auf. Das in den Bl\u00e4ttern enthaltene <a href=\"https:\/\/de.wikipedia.org\/wiki\/Chlorophylle#Bedeutung_in_der_Photosynthese\" target=\"_blank\" rel=\"noopener\">Chlorophyll<\/a> ist f\u00fcr diesen wundersch\u00f6nen\u00a0Prozess verantwortlich. Es nimmt alle Farben des Sonnelichtes auf, bis auf das gr\u00fcn, das braucht es nicht und deshalb strahlt es an die Umwelt ab.<\/p>\n<p>Im Wald ist jetzt im Fr\u00fchling besonders viele gr\u00fcne Farbenergie vorhanden, es macht uns gl\u00fccklich und befreit uns von Einschr\u00e4nkungen.\u00a0Also raus mit in den Wald, solange noch ein wenig da ist&#8230;<\/p>\n<p>&nbsp;<\/p>\n<p><em>PS:\u00a0Wer gesund leben m\u00f6chte, sollte immer ganz viel Gr\u00fcnzeug essen. In diesem steckt n\u00e4mlich Chlorophyll, ein Stoff, der uns nicht nur Sauerstoff schenkt.<\/em><\/p>","protected":false},"excerpt":{"rendered":"<p>Unser Wald ist GR\u00dcN !\u00a0Die Bl\u00e4tter der Waldb\u00e4ume saugen das Sonnenlicht zur Photosynthese auf. Das in den Bl\u00e4ttern enthaltene Chlorophyll ist f\u00fcr diesen wundersch\u00f6nen\u00a0Prozess verantwortlich. Es nimmt alle Farben des Sonnelichtes auf, bis auf das gr\u00fcn, das braucht es nicht und deshalb strahlt es an die Umwelt ab. Im Wald ist jetzt im Fr\u00fchling besonders [&hellip;]<\/p>\n","protected":false},"author":2,"featured_media":5790,"comment_status":"closed","ping_status":"closed","sticky":false,"template":"","format":"gallery","meta":{"footnotes":""},"categories":[520],"tags":[],"class_list":["post-5789","post","type-post","status-publish","format-gallery","has-post-thumbnail","hentry","category-waldkinderkrippe-blog","post_format-post-format-gallery"],"_links":{"self":[{"href":"https:\/\/kitabluemli.ch\/en\/wp-json\/wp\/v2\/posts\/5789","targetHints":{"allow":["GET"]}}],"collection":[{"href":"https:\/\/kitabluemli.ch\/en\/wp-json\/wp\/v2\/posts"}],"about":[{"href":"https:\/\/kitabluemli.ch\/en\/wp-json\/wp\/v2\/types\/post"}],"author":[{"embeddable":true,"href":"https:\/\/kitabluemli.ch\/en\/wp-json\/wp\/v2\/users\/2"}],"replies":[{"embeddable":true,"href":"https:\/\/kitabluemli.ch\/en\/wp-json\/wp\/v2\/comments?post=5789"}],"version-history":[{"count":0,"href":"https:\/\/kitabluemli.ch\/en\/wp-json\/wp\/v2\/posts\/5789\/revisions"}],"wp:featuredmedia":[{"embeddable":true,"href":"https:\/\/kitabluemli.ch\/en\/wp-json\/wp\/v2\/media\/5790"}],"wp:attachment":[{"href":"https:\/\/kitabluemli.ch\/en\/wp-json\/wp\/v2\/media?parent=5789"}],"wp:term":[{"taxonomy":"category","embeddable":true,"href":"https:\/\/kitabluemli.ch\/en\/wp-json\/wp\/v2\/categories?post=5789"},{"taxonomy":"post_tag","embeddable":true,"href":"https:\/\/kitabluemli.ch\/en\/wp-json\/wp\/v2\/tags?post=5789"}],"curies":[{"name":"wp","href":"https:\/\/api.w.org\/{rel}","templated":true}]}}