{"id":5896,"date":"2018-04-25T08:00:26","date_gmt":"2018-04-25T06:00:26","guid":{"rendered":"https:\/\/eager-austin.188-34-163-140.plesk.page\/?p=5896"},"modified":"2025-01-03T14:57:38","modified_gmt":"2025-01-03T13:57:38","slug":"bereit","status":"publish","type":"post","link":"https:\/\/kitabluemli.ch\/en\/bereit\/","title":{"rendered":"Bereit&#8230;"},"content":{"rendered":"<p>Alle bereit ? Bald geht es los, wir brechen auf zum Spielplatz.\u00a0\u201eEin Bild sagt mehr als tausend Worte\u201c<\/p>\n<p><a href=\"https:\/\/kitabluemli.ch\/en\/\">Professionelle Kinderbetreuung<\/a> im Quartier Z\u00fcrich Witikon. Wir bieten eine anregende Ausstattung mit unterschiedlichen Spielbereichen das die\u00a0Entwicklung der Kinder f\u00f6rdert. Das Spielmaterial ist altersentsprechend und f\u00fcr die Kinder gut erreichbar. Bau- und Konstruktionsbereich, Puppen- und Familienecke, Verkleidungsecke, Bereiche f\u00fcr Zeichnen, Malen und Basteln, Musik- und Leseecke, Ruhe- und Schlafraum und vieles mehr. Qualitative Raumausstattung fordert zum Spielen auf und regt die Interessen der Kinder an. Nicht zu vergessen sind die n\u00e4he zum Wald, unser eigener Garten und mehrere Spielpl\u00e4tze im Quartier die wir regelm\u00e4ssig besuchen.<\/p>","protected":false},"excerpt":{"rendered":"<p>Alle bereit ? Bald geht es los, wir brechen auf zum Spielplatz.\u00a0\u201eEin Bild sagt mehr als tausend Worte\u201c Professionelle Kinderbetreuung im Quartier Z\u00fcrich Witikon. Wir bieten eine anregende Ausstattung mit unterschiedlichen Spielbereichen das die\u00a0Entwicklung der Kinder f\u00f6rdert. Das Spielmaterial ist altersentsprechend und f\u00fcr die Kinder gut erreichbar. Bau- und Konstruktionsbereich, Puppen- und Familienecke, Verkleidungsecke, Bereiche [&hellip;]<\/p>\n","protected":false},"author":2,"featured_media":5812,"comment_status":"closed","ping_status":"closed","sticky":false,"template":"","format":"standard","meta":{"footnotes":""},"categories":[519],"tags":[],"class_list":["post-5896","post","type-post","status-publish","format-standard","has-post-thumbnail","hentry","category-kinderkrippe-blog"],"_links":{"self":[{"href":"https:\/\/kitabluemli.ch\/en\/wp-json\/wp\/v2\/posts\/5896","targetHints":{"allow":["GET"]}}],"collection":[{"href":"https:\/\/kitabluemli.ch\/en\/wp-json\/wp\/v2\/posts"}],"about":[{"href":"https:\/\/kitabluemli.ch\/en\/wp-json\/wp\/v2\/types\/post"}],"author":[{"embeddable":true,"href":"https:\/\/kitabluemli.ch\/en\/wp-json\/wp\/v2\/users\/2"}],"replies":[{"embeddable":true,"href":"https:\/\/kitabluemli.ch\/en\/wp-json\/wp\/v2\/comments?post=5896"}],"version-history":[{"count":0,"href":"https:\/\/kitabluemli.ch\/en\/wp-json\/wp\/v2\/posts\/5896\/revisions"}],"wp:featuredmedia":[{"embeddable":true,"href":"https:\/\/kitabluemli.ch\/en\/wp-json\/wp\/v2\/media\/5812"}],"wp:attachment":[{"href":"https:\/\/kitabluemli.ch\/en\/wp-json\/wp\/v2\/media?parent=5896"}],"wp:term":[{"taxonomy":"category","embeddable":true,"href":"https:\/\/kitabluemli.ch\/en\/wp-json\/wp\/v2\/categories?post=5896"},{"taxonomy":"post_tag","embeddable":true,"href":"https:\/\/kitabluemli.ch\/en\/wp-json\/wp\/v2\/tags?post=5896"}],"curies":[{"name":"wp","href":"https:\/\/api.w.org\/{rel}","templated":true}]}}