{"id":5904,"date":"2018-04-29T20:00:10","date_gmt":"2018-04-29T18:00:10","guid":{"rendered":"https:\/\/eager-austin.188-34-163-140.plesk.page\/?p=5904"},"modified":"2018-04-29T20:00:10","modified_gmt":"2018-04-29T18:00:10","slug":"insekten-kennenlernen","status":"publish","type":"post","link":"https:\/\/kitabluemli.ch\/en\/insekten-kennenlernen\/","title":{"rendered":"Insekten kennenlernen"},"content":{"rendered":"<p>Insekten kennehernen, Respektieren und lernen dass man sie nicht sinnlos t\u00f6ten muss, das lehren wir den Kindern.\u00a0Um das Insektensterben aufzuhalten, braucht es das Engagement vieler Seiten: Von Politik, Wirtschaft, Forschung, gemeinn\u00fctzigen Organisa\u00adtionen, \u00d6ffentlichkeit und Zivilgesellschaft. Wir geben dieses Wissen an unsere Kinder weiter.<\/p>\n<p><em>\u201eKleintiere sind ein zentraler Bestandteil unserer \u00d6kosysteme und bilden die Grundlage f\u00fcr die Lebensmittelproduktion. Ihr Lebensraum muss gesch\u00fctzt und ihr Nahrungsangebot gef\u00f6rdert werden.\u201c<\/em><\/p>\n<p>Das fragile Gleichgewicht vieler \u00d6kosysteme ist darauf angewiesen, z.B. als wichtiger Teil der Nahrungskette, als nat\u00fcrliche Helfer bei der Best\u00e4ubung oder auch beim Abbau von organischen Substanzen.<\/p>\n<p>\u201eOhne Insekten hat die Menschheit nur noch wenige Monate\u201c, sagt der bekannte <a href=\"https:\/\/de.wikipedia.org\/wiki\/Edward_O._Wilson\" target=\"_blank\" rel=\"noopener\">Entomologe Edward Wilson<\/a>.<\/p>","protected":false},"excerpt":{"rendered":"<p>Insekten kennehernen, Respektieren und lernen dass man sie nicht sinnlos t\u00f6ten muss, das lehren wir den Kindern.\u00a0Um das Insektensterben aufzuhalten, braucht es das Engagement vieler Seiten: Von Politik, Wirtschaft, Forschung, gemeinn\u00fctzigen Organisa\u00adtionen, \u00d6ffentlichkeit und Zivilgesellschaft. Wir geben dieses Wissen an unsere Kinder weiter. \u201eKleintiere sind ein zentraler Bestandteil unserer \u00d6kosysteme und bilden die Grundlage f\u00fcr [&hellip;]<\/p>\n","protected":false},"author":2,"featured_media":5829,"comment_status":"closed","ping_status":"closed","sticky":false,"template":"","format":"standard","meta":{"footnotes":""},"categories":[520],"tags":[],"class_list":["post-5904","post","type-post","status-publish","format-standard","has-post-thumbnail","hentry","category-waldkinderkrippe-blog"],"_links":{"self":[{"href":"https:\/\/kitabluemli.ch\/en\/wp-json\/wp\/v2\/posts\/5904","targetHints":{"allow":["GET"]}}],"collection":[{"href":"https:\/\/kitabluemli.ch\/en\/wp-json\/wp\/v2\/posts"}],"about":[{"href":"https:\/\/kitabluemli.ch\/en\/wp-json\/wp\/v2\/types\/post"}],"author":[{"embeddable":true,"href":"https:\/\/kitabluemli.ch\/en\/wp-json\/wp\/v2\/users\/2"}],"replies":[{"embeddable":true,"href":"https:\/\/kitabluemli.ch\/en\/wp-json\/wp\/v2\/comments?post=5904"}],"version-history":[{"count":0,"href":"https:\/\/kitabluemli.ch\/en\/wp-json\/wp\/v2\/posts\/5904\/revisions"}],"wp:featuredmedia":[{"embeddable":true,"href":"https:\/\/kitabluemli.ch\/en\/wp-json\/wp\/v2\/media\/5829"}],"wp:attachment":[{"href":"https:\/\/kitabluemli.ch\/en\/wp-json\/wp\/v2\/media?parent=5904"}],"wp:term":[{"taxonomy":"category","embeddable":true,"href":"https:\/\/kitabluemli.ch\/en\/wp-json\/wp\/v2\/categories?post=5904"},{"taxonomy":"post_tag","embeddable":true,"href":"https:\/\/kitabluemli.ch\/en\/wp-json\/wp\/v2\/tags?post=5904"}],"curies":[{"name":"wp","href":"https:\/\/api.w.org\/{rel}","templated":true}]}}