{"id":5906,"date":"2018-04-30T08:00:40","date_gmt":"2018-04-30T06:00:40","guid":{"rendered":"https:\/\/eager-austin.188-34-163-140.plesk.page\/?p=5906"},"modified":"2018-04-30T08:00:40","modified_gmt":"2018-04-30T06:00:40","slug":"mit-kreide-malen","status":"publish","type":"post","link":"https:\/\/kitabluemli.ch\/en\/mit-kreide-malen\/","title":{"rendered":"Mit Kreide malen"},"content":{"rendered":"<div id='gallery-1' class='gallery galleryid-5906 gallery-columns-3 gallery-size-thumbnail'><figure class='gallery-item'>\n\t\t\t<div class='gallery-icon landscape'>\n\t\t\t\t<a href='https:\/\/kitabluemli.ch\/en\/mit-kreide-malen-02\/'><img decoding=\"async\" width=\"150\" height=\"150\" src=\"https:\/\/kitabluemli.ch\/wp-content\/uploads\/2018\/04\/mit-kreide-malen-02-150x150.jpg\" class=\"attachment-thumbnail size-thumbnail\" alt=\"mit Kreide malen\" title=\"\"><\/a>\n\t\t\t<\/div><\/figure>\n\t\t<\/div>\n\n<p>Mit Kreide bemalen wir unser\u00a0Trottoir.\u00a0Kinder gew\u00f6hnen sich im Zeitalter von Fernsehen, Computerspielen und komplexen Spielen ans Konsumieren. Es fehlt ihnen dadurch oft an eigenen Ideen und die eigene Kreativit\u00e4t hat keinen Platz mehr, sich zu entfalten. Dabei ist gerade die Kreativit\u00e4t neben dem Sprechen die wichtigste Ausdrucksm\u00f6glichkeit f\u00fcr Kinder.<\/p>\n<p>Als Kindererzieher haben wir bei der F\u00f6rderung der kindlichen Kreativit\u00e4t eine wichtige Aufgabe. Die Kinder brauchen unsere Unterst\u00fctzung, indem wir ein Klima erzeugen, in dem Kreativit\u00e4t m\u00f6glich ist, auch draussen auf der Strasse.<\/p>\n<p>Es geht uns nicht darum, die Kinder zu K\u00fcnstlern zu erziehen. Wir geben ihnen mit unseren Aufgaben die M\u00f6glichkeit, ihrer Phantasie freien Lauf zu lassen.<\/p>\n<p>&nbsp;<\/p>","protected":false},"excerpt":{"rendered":"<p>Mit Kreide bemalen wir unser\u00a0Trottoir.\u00a0Kinder gew\u00f6hnen sich im Zeitalter von Fernsehen, Computerspielen und komplexen Spielen ans Konsumieren. Es fehlt ihnen dadurch oft an eigenen Ideen und die eigene Kreativit\u00e4t hat keinen Platz mehr, sich zu entfalten. Dabei ist gerade die Kreativit\u00e4t neben dem Sprechen die wichtigste Ausdrucksm\u00f6glichkeit f\u00fcr Kinder. Als Kindererzieher haben wir bei der [&hellip;]<\/p>\n","protected":false},"author":2,"featured_media":5831,"comment_status":"closed","ping_status":"closed","sticky":false,"template":"","format":"gallery","meta":{"footnotes":""},"categories":[519],"tags":[],"class_list":["post-5906","post","type-post","status-publish","format-gallery","has-post-thumbnail","hentry","category-kinderkrippe-blog","post_format-post-format-gallery"],"_links":{"self":[{"href":"https:\/\/kitabluemli.ch\/en\/wp-json\/wp\/v2\/posts\/5906","targetHints":{"allow":["GET"]}}],"collection":[{"href":"https:\/\/kitabluemli.ch\/en\/wp-json\/wp\/v2\/posts"}],"about":[{"href":"https:\/\/kitabluemli.ch\/en\/wp-json\/wp\/v2\/types\/post"}],"author":[{"embeddable":true,"href":"https:\/\/kitabluemli.ch\/en\/wp-json\/wp\/v2\/users\/2"}],"replies":[{"embeddable":true,"href":"https:\/\/kitabluemli.ch\/en\/wp-json\/wp\/v2\/comments?post=5906"}],"version-history":[{"count":0,"href":"https:\/\/kitabluemli.ch\/en\/wp-json\/wp\/v2\/posts\/5906\/revisions"}],"wp:featuredmedia":[{"embeddable":true,"href":"https:\/\/kitabluemli.ch\/en\/wp-json\/wp\/v2\/media\/5831"}],"wp:attachment":[{"href":"https:\/\/kitabluemli.ch\/en\/wp-json\/wp\/v2\/media?parent=5906"}],"wp:term":[{"taxonomy":"category","embeddable":true,"href":"https:\/\/kitabluemli.ch\/en\/wp-json\/wp\/v2\/categories?post=5906"},{"taxonomy":"post_tag","embeddable":true,"href":"https:\/\/kitabluemli.ch\/en\/wp-json\/wp\/v2\/tags?post=5906"}],"curies":[{"name":"wp","href":"https:\/\/api.w.org\/{rel}","templated":true}]}}