{"id":5962,"date":"2018-05-09T18:00:30","date_gmt":"2018-05-09T16:00:30","guid":{"rendered":"https:\/\/eager-austin.188-34-163-140.plesk.page\/?p=5962"},"modified":"2018-05-09T18:00:30","modified_gmt":"2018-05-09T16:00:30","slug":"auffahrt-2018","status":"publish","type":"post","link":"https:\/\/kitabluemli.ch\/en\/auffahrt-2018\/","title":{"rendered":"Auffahrt 2018"},"content":{"rendered":"<p>Betreffend \u2013 \u201eAuffahrt 2018\u201c bleibt unsere Kinderkrippe und Waldkinderkrippe morgen, Donnerstag 10. Mai 2018, den ganzen tag geschlossen. Freitag 11.\u00a0Mai 2018 sind wir wie gewohnt wieder ge\u00f6ffnet. Wir w\u00fcnschen allen einen sch\u00f6nen Auffahrt-Tag,\u00a0das KiTa Bl\u00fcemli Team.<\/p>","protected":false},"excerpt":{"rendered":"<p>Betreffend \u2013 \u201eAuffahrt 2018\u201c bleibt unsere Kinderkrippe und Waldkinderkrippe morgen, Donnerstag 10. Mai 2018, den ganzen tag geschlossen. Freitag 11.\u00a0Mai 2018 sind wir wie gewohnt wieder ge\u00f6ffnet. Wir w\u00fcnschen allen einen sch\u00f6nen Auffahrt-Tag,\u00a0das KiTa Bl\u00fcemli Team.<\/p>","protected":false},"author":2,"featured_media":5964,"comment_status":"closed","ping_status":"closed","sticky":false,"template":"","format":"standard","meta":{"footnotes":""},"categories":[1,519,520],"tags":[],"class_list":["post-5962","post","type-post","status-publish","format-standard","has-post-thumbnail","hentry","category-allgemein-blog","category-kinderkrippe-blog","category-waldkinderkrippe-blog"],"_links":{"self":[{"href":"https:\/\/kitabluemli.ch\/en\/wp-json\/wp\/v2\/posts\/5962","targetHints":{"allow":["GET"]}}],"collection":[{"href":"https:\/\/kitabluemli.ch\/en\/wp-json\/wp\/v2\/posts"}],"about":[{"href":"https:\/\/kitabluemli.ch\/en\/wp-json\/wp\/v2\/types\/post"}],"author":[{"embeddable":true,"href":"https:\/\/kitabluemli.ch\/en\/wp-json\/wp\/v2\/users\/2"}],"replies":[{"embeddable":true,"href":"https:\/\/kitabluemli.ch\/en\/wp-json\/wp\/v2\/comments?post=5962"}],"version-history":[{"count":0,"href":"https:\/\/kitabluemli.ch\/en\/wp-json\/wp\/v2\/posts\/5962\/revisions"}],"wp:featuredmedia":[{"embeddable":true,"href":"https:\/\/kitabluemli.ch\/en\/wp-json\/wp\/v2\/media\/5964"}],"wp:attachment":[{"href":"https:\/\/kitabluemli.ch\/en\/wp-json\/wp\/v2\/media?parent=5962"}],"wp:term":[{"taxonomy":"category","embeddable":true,"href":"https:\/\/kitabluemli.ch\/en\/wp-json\/wp\/v2\/categories?post=5962"},{"taxonomy":"post_tag","embeddable":true,"href":"https:\/\/kitabluemli.ch\/en\/wp-json\/wp\/v2\/tags?post=5962"}],"curies":[{"name":"wp","href":"https:\/\/api.w.org\/{rel}","templated":true}]}}