{"id":5988,"date":"2018-05-17T08:00:35","date_gmt":"2018-05-17T06:00:35","guid":{"rendered":"https:\/\/eager-austin.188-34-163-140.plesk.page\/?p=5988"},"modified":"2018-05-17T08:00:35","modified_gmt":"2018-05-17T06:00:35","slug":"unterwegs-zum-wald-2","status":"publish","type":"post","link":"https:\/\/kitabluemli.ch\/en\/unterwegs-zum-wald-2\/","title":{"rendered":"Unterwegs zum wald"},"content":{"rendered":"<div id='gallery-1' class='gallery galleryid-5988 gallery-columns-3 gallery-size-thumbnail'><figure class='gallery-item'>\n\t\t\t<div class='gallery-icon landscape'>\n\t\t\t\t<a href='https:\/\/kitabluemli.ch\/en\/unterwegs-zum-wald-04\/'><img decoding=\"async\" width=\"150\" height=\"150\" src=\"https:\/\/kitabluemli.ch\/wp-content\/uploads\/2018\/04\/unterwegs-zum-wald-04-150x150.jpg\" class=\"attachment-thumbnail size-thumbnail\" alt=\"Unterwegs zum wald\" title=\"\"><\/a>\n\t\t\t<\/div><\/figure>\n\t\t<\/div>\n\n<p>Wir sind unterwegs zum Wald &#8211;\u00a0In diesen Monaten verbringen wir die meiste Zeit vom Tag im Wald.\u00a0Nach dem alle Kinder bis sp\u00e4testens 9 Uhr in der Kita angekommen sind, wir unser Morgenkreis gemacht haben und uns mit einem gesunden Z\u2019n\u00fcni gest\u00e4rkt haben, machen wir uns auf dem Weg in den Wald. Dort geniessen wir die Natur in vollen Z\u00fcgen, in dem wir Dinge sammeln, entdecken, experimentieren, klettern, spielen, singen, basteln, kochen und schlafen.<\/p>","protected":false},"excerpt":{"rendered":"<p>Wir sind unterwegs zum Wald &#8211;\u00a0In diesen Monaten verbringen wir die meiste Zeit vom Tag im Wald.\u00a0Nach dem alle Kinder bis sp\u00e4testens 9 Uhr in der Kita angekommen sind, wir unser Morgenkreis gemacht haben und uns mit einem gesunden Z\u2019n\u00fcni gest\u00e4rkt haben, machen wir uns auf dem Weg in den Wald. Dort geniessen wir die [&hellip;]<\/p>\n","protected":false},"author":2,"featured_media":5884,"comment_status":"closed","ping_status":"closed","sticky":false,"template":"","format":"gallery","meta":{"footnotes":""},"categories":[520],"tags":[],"class_list":["post-5988","post","type-post","status-publish","format-gallery","has-post-thumbnail","hentry","category-waldkinderkrippe-blog","post_format-post-format-gallery"],"_links":{"self":[{"href":"https:\/\/kitabluemli.ch\/en\/wp-json\/wp\/v2\/posts\/5988","targetHints":{"allow":["GET"]}}],"collection":[{"href":"https:\/\/kitabluemli.ch\/en\/wp-json\/wp\/v2\/posts"}],"about":[{"href":"https:\/\/kitabluemli.ch\/en\/wp-json\/wp\/v2\/types\/post"}],"author":[{"embeddable":true,"href":"https:\/\/kitabluemli.ch\/en\/wp-json\/wp\/v2\/users\/2"}],"replies":[{"embeddable":true,"href":"https:\/\/kitabluemli.ch\/en\/wp-json\/wp\/v2\/comments?post=5988"}],"version-history":[{"count":0,"href":"https:\/\/kitabluemli.ch\/en\/wp-json\/wp\/v2\/posts\/5988\/revisions"}],"wp:featuredmedia":[{"embeddable":true,"href":"https:\/\/kitabluemli.ch\/en\/wp-json\/wp\/v2\/media\/5884"}],"wp:attachment":[{"href":"https:\/\/kitabluemli.ch\/en\/wp-json\/wp\/v2\/media?parent=5988"}],"wp:term":[{"taxonomy":"category","embeddable":true,"href":"https:\/\/kitabluemli.ch\/en\/wp-json\/wp\/v2\/categories?post=5988"},{"taxonomy":"post_tag","embeddable":true,"href":"https:\/\/kitabluemli.ch\/en\/wp-json\/wp\/v2\/tags?post=5988"}],"curies":[{"name":"wp","href":"https:\/\/api.w.org\/{rel}","templated":true}]}}