{"id":5996,"date":"2018-05-19T20:00:51","date_gmt":"2018-05-19T18:00:51","guid":{"rendered":"https:\/\/eager-austin.188-34-163-140.plesk.page\/?p=5996"},"modified":"2018-05-19T20:00:51","modified_gmt":"2018-05-19T18:00:51","slug":"mit-dem-picknickwagen","status":"publish","type":"post","link":"https:\/\/kitabluemli.ch\/en\/mit-dem-picknickwagen\/","title":{"rendered":"mit dem Picknickwagen"},"content":{"rendered":"<div id='gallery-1' class='gallery galleryid-5996 gallery-columns-3 gallery-size-thumbnail'><figure class='gallery-item'>\n\t\t\t<div class='gallery-icon landscape'>\n\t\t\t\t<a href='https:\/\/kitabluemli.ch\/en\/unterwegs-mit-dem-picknickwagen-01\/'><img decoding=\"async\" width=\"150\" height=\"150\" src=\"https:\/\/kitabluemli.ch\/wp-content\/uploads\/2018\/04\/unterwegs-mit-dem-picknickwagen-01-150x150.jpg\" class=\"attachment-thumbnail size-thumbnail\" alt=\"Unterwegs mit dem Picknickwagen\" title=\"\"><\/a>\n\t\t\t<\/div><\/figure>\n\t\t<\/div>\n\n<p>Unser Picknickwagen ist ein besonderes Hingucker.\u00a0Unser Wagen ist voll mit Brotwaren, Wurst, K\u00e4se, Obst und Rohkost. Alles, was die Kinder gut in die Hand nehmen und ohne zu Kleckern verputzen k\u00f6nnen, ist bestens f\u00fcr unser Picknick geeignet. Bunte\u00a0Gem\u00fcse in Gelb, Rot und Orange kommen immer gut an und Brotscheiben und Kn\u00e4ckebrot werden im Windeseile aufgegessen sein.<\/p>","protected":false},"excerpt":{"rendered":"<p>Unser Picknickwagen ist ein besonderes Hingucker.\u00a0Unser Wagen ist voll mit Brotwaren, Wurst, K\u00e4se, Obst und Rohkost. Alles, was die Kinder gut in die Hand nehmen und ohne zu Kleckern verputzen k\u00f6nnen, ist bestens f\u00fcr unser Picknick geeignet. Bunte\u00a0Gem\u00fcse in Gelb, Rot und Orange kommen immer gut an und Brotscheiben und Kn\u00e4ckebrot werden im Windeseile aufgegessen [&hellip;]<\/p>\n","protected":false},"author":2,"featured_media":5879,"comment_status":"closed","ping_status":"closed","sticky":false,"template":"","format":"gallery","meta":{"footnotes":""},"categories":[519,520],"tags":[],"class_list":["post-5996","post","type-post","status-publish","format-gallery","has-post-thumbnail","hentry","category-kinderkrippe-blog","category-waldkinderkrippe-blog","post_format-post-format-gallery"],"_links":{"self":[{"href":"https:\/\/kitabluemli.ch\/en\/wp-json\/wp\/v2\/posts\/5996","targetHints":{"allow":["GET"]}}],"collection":[{"href":"https:\/\/kitabluemli.ch\/en\/wp-json\/wp\/v2\/posts"}],"about":[{"href":"https:\/\/kitabluemli.ch\/en\/wp-json\/wp\/v2\/types\/post"}],"author":[{"embeddable":true,"href":"https:\/\/kitabluemli.ch\/en\/wp-json\/wp\/v2\/users\/2"}],"replies":[{"embeddable":true,"href":"https:\/\/kitabluemli.ch\/en\/wp-json\/wp\/v2\/comments?post=5996"}],"version-history":[{"count":0,"href":"https:\/\/kitabluemli.ch\/en\/wp-json\/wp\/v2\/posts\/5996\/revisions"}],"wp:featuredmedia":[{"embeddable":true,"href":"https:\/\/kitabluemli.ch\/en\/wp-json\/wp\/v2\/media\/5879"}],"wp:attachment":[{"href":"https:\/\/kitabluemli.ch\/en\/wp-json\/wp\/v2\/media?parent=5996"}],"wp:term":[{"taxonomy":"category","embeddable":true,"href":"https:\/\/kitabluemli.ch\/en\/wp-json\/wp\/v2\/categories?post=5996"},{"taxonomy":"post_tag","embeddable":true,"href":"https:\/\/kitabluemli.ch\/en\/wp-json\/wp\/v2\/tags?post=5996"}],"curies":[{"name":"wp","href":"https:\/\/api.w.org\/{rel}","templated":true}]}}