{"id":6001,"date":"2018-05-22T17:00:58","date_gmt":"2018-05-22T15:00:58","guid":{"rendered":"https:\/\/eager-austin.188-34-163-140.plesk.page\/?p=6001"},"modified":"2018-05-22T17:00:58","modified_gmt":"2018-05-22T15:00:58","slug":"mittagessen-m-wald","status":"publish","type":"post","link":"https:\/\/kitabluemli.ch\/en\/mittagessen-m-wald\/","title":{"rendered":"Mittagessen im Wald"},"content":{"rendered":"<div id='gallery-1' class='gallery galleryid-6001 gallery-columns-3 gallery-size-thumbnail'><figure class='gallery-item'>\n\t\t\t<div class='gallery-icon landscape'>\n\t\t\t\t<a href='https:\/\/kitabluemli.ch\/en\/mittagessen-im-wald-02\/'><img decoding=\"async\" width=\"150\" height=\"150\" src=\"https:\/\/kitabluemli.ch\/wp-content\/uploads\/2018\/04\/mittagessen-im-wald-02-150x150.jpg\" class=\"attachment-thumbnail size-thumbnail\" alt=\"Mittagessen im Wald\" title=\"\"><\/a>\n\t\t\t<\/div><\/figure>\n\t\t<\/div>\n\n<p>Unsere Waldkinder geniessen oft das Mittagessen im Wald.\u00a0Wir geben den Kinder t\u00e4glich frische\u00a0Fr\u00fcchte und Gem\u00fcse und achten darauf das sie genug Wasser trinken. Wir geben zu jedem Essen\u00a0m\u00f6glichst abwechslungsreiche und saisongerechte Lebensmittel.\u00a0Ausgewogenes und genussvolles Essen und Trinken ist Teil eines gesunden Lebensstils. Es versorgt den K\u00f6rper mit Energie, lebenswichtigen N\u00e4hr- sowie Schutzstoffen und f\u00f6rdert das k\u00f6rperliche Wohlbefinden.<\/p>","protected":false},"excerpt":{"rendered":"<p>Unsere Waldkinder geniessen oft das Mittagessen im Wald.\u00a0Wir geben den Kinder t\u00e4glich frische\u00a0Fr\u00fcchte und Gem\u00fcse und achten darauf das sie genug Wasser trinken. Wir geben zu jedem Essen\u00a0m\u00f6glichst abwechslungsreiche und saisongerechte Lebensmittel.\u00a0Ausgewogenes und genussvolles Essen und Trinken ist Teil eines gesunden Lebensstils. Es versorgt den K\u00f6rper mit Energie, lebenswichtigen N\u00e4hr- sowie Schutzstoffen und f\u00f6rdert das [&hellip;]<\/p>\n","protected":false},"author":2,"featured_media":5870,"comment_status":"closed","ping_status":"closed","sticky":false,"template":"","format":"gallery","meta":{"footnotes":""},"categories":[520],"tags":[],"class_list":["post-6001","post","type-post","status-publish","format-gallery","has-post-thumbnail","hentry","category-waldkinderkrippe-blog","post_format-post-format-gallery"],"_links":{"self":[{"href":"https:\/\/kitabluemli.ch\/en\/wp-json\/wp\/v2\/posts\/6001","targetHints":{"allow":["GET"]}}],"collection":[{"href":"https:\/\/kitabluemli.ch\/en\/wp-json\/wp\/v2\/posts"}],"about":[{"href":"https:\/\/kitabluemli.ch\/en\/wp-json\/wp\/v2\/types\/post"}],"author":[{"embeddable":true,"href":"https:\/\/kitabluemli.ch\/en\/wp-json\/wp\/v2\/users\/2"}],"replies":[{"embeddable":true,"href":"https:\/\/kitabluemli.ch\/en\/wp-json\/wp\/v2\/comments?post=6001"}],"version-history":[{"count":0,"href":"https:\/\/kitabluemli.ch\/en\/wp-json\/wp\/v2\/posts\/6001\/revisions"}],"wp:featuredmedia":[{"embeddable":true,"href":"https:\/\/kitabluemli.ch\/en\/wp-json\/wp\/v2\/media\/5870"}],"wp:attachment":[{"href":"https:\/\/kitabluemli.ch\/en\/wp-json\/wp\/v2\/media?parent=6001"}],"wp:term":[{"taxonomy":"category","embeddable":true,"href":"https:\/\/kitabluemli.ch\/en\/wp-json\/wp\/v2\/categories?post=6001"},{"taxonomy":"post_tag","embeddable":true,"href":"https:\/\/kitabluemli.ch\/en\/wp-json\/wp\/v2\/tags?post=6001"}],"curies":[{"name":"wp","href":"https:\/\/api.w.org\/{rel}","templated":true}]}}