{"id":6085,"date":"2018-05-21T21:00:39","date_gmt":"2018-05-21T19:00:39","guid":{"rendered":"https:\/\/eager-austin.188-34-163-140.plesk.page\/?p=6085"},"modified":"2024-12-14T17:58:57","modified_gmt":"2024-12-14T16:58:57","slug":"frisch-renoviert-und-neu-eingerichtet","status":"publish","type":"post","link":"https:\/\/kitabluemli.ch\/en\/frisch-renoviert-und-neu-eingerichtet\/","title":{"rendered":"Frisch renoviert und neu eingerichtet"},"content":{"rendered":"<div id='gallery-1' class='gallery galleryid-6085 gallery-columns-3 gallery-size-thumbnail'><figure class='gallery-item'>\n\t\t\t<div class='gallery-icon landscape'>\n\t\t\t\t<a href='https:\/\/kitabluemli.ch\/en\/kita-blc3bcemli-gruppenraum-2-02-1\/'><img decoding=\"async\" width=\"150\" height=\"150\" src=\"https:\/\/kitabluemli.ch\/wp-content\/uploads\/2020\/04\/kita-blc3bcemli-gruppenraum-2-02-1-150x150.jpg\" class=\"attachment-thumbnail size-thumbnail\" alt=\"KiTa Bl\u00fcemli - Gruppenraum-2 02\" title=\"\"><\/a>\n\t\t\t<\/div><\/figure>\n\t\t<\/div>\n\n<p>Unseren <a href=\"https:\/\/kitabluemli.ch\/en\/\">Daycare<\/a> im Zentrum Z\u00fcrich-Witikon wurden k\u00fcrzlich komplett renoviert und die R\u00e4umlichkeiten liebevoll, warm und gem\u00fctlich neu eingerichtet. Nach 5 Monate renovationsarbeiten k\u00f6nnten wir letzte Woche zur\u00fcck in unsere Kinderkrippe z\u00fcgeln. Neue Schallisolierte Fenster, neue helle Boden, neues kindergerechtes WC, neue K\u00fcche und alle W\u00e4nde in Pastellfarben frisch gestrichen. Besonders Stolz sind wir auf unsere neue M\u00f6bel und Spieleinrichtungen.\u00a0Seit \u00fcber 75 Jahren ist HABA Ausstatter von\u00a0Kinderbetreuungseinrichtungen und Schulen.<\/p>\n<p>Wir freuen uns Ihnen unsere Kinderkrippe zeigen zu d\u00fcrfen.<\/p>","protected":false},"excerpt":{"rendered":"<p>Unseren Kinderkrippe im Zentrum Z\u00fcrich-Witikon wurden k\u00fcrzlich komplett renoviert und die R\u00e4umlichkeiten liebevoll, warm und gem\u00fctlich neu eingerichtet. Nach 5 Monate renovationsarbeiten k\u00f6nnten wir letzte Woche zur\u00fcck in unsere Kinderkrippe z\u00fcgeln. Neue Schallisolierte Fenster, neue helle Boden, neues kindergerechtes WC, neue K\u00fcche und alle W\u00e4nde in Pastellfarben frisch gestrichen. Besonders Stolz sind wir auf unsere [&hellip;]<\/p>\n","protected":false},"author":2,"featured_media":6056,"comment_status":"closed","ping_status":"closed","sticky":false,"template":"","format":"gallery","meta":{"footnotes":""},"categories":[1],"tags":[],"class_list":["post-6085","post","type-post","status-publish","format-gallery","has-post-thumbnail","hentry","category-allgemein-blog","post_format-post-format-gallery"],"_links":{"self":[{"href":"https:\/\/kitabluemli.ch\/en\/wp-json\/wp\/v2\/posts\/6085","targetHints":{"allow":["GET"]}}],"collection":[{"href":"https:\/\/kitabluemli.ch\/en\/wp-json\/wp\/v2\/posts"}],"about":[{"href":"https:\/\/kitabluemli.ch\/en\/wp-json\/wp\/v2\/types\/post"}],"author":[{"embeddable":true,"href":"https:\/\/kitabluemli.ch\/en\/wp-json\/wp\/v2\/users\/2"}],"replies":[{"embeddable":true,"href":"https:\/\/kitabluemli.ch\/en\/wp-json\/wp\/v2\/comments?post=6085"}],"version-history":[{"count":0,"href":"https:\/\/kitabluemli.ch\/en\/wp-json\/wp\/v2\/posts\/6085\/revisions"}],"wp:featuredmedia":[{"embeddable":true,"href":"https:\/\/kitabluemli.ch\/en\/wp-json\/wp\/v2\/media\/6056"}],"wp:attachment":[{"href":"https:\/\/kitabluemli.ch\/en\/wp-json\/wp\/v2\/media?parent=6085"}],"wp:term":[{"taxonomy":"category","embeddable":true,"href":"https:\/\/kitabluemli.ch\/en\/wp-json\/wp\/v2\/categories?post=6085"},{"taxonomy":"post_tag","embeddable":true,"href":"https:\/\/kitabluemli.ch\/en\/wp-json\/wp\/v2\/tags?post=6085"}],"curies":[{"name":"wp","href":"https:\/\/api.w.org\/{rel}","templated":true}]}}