{"id":6130,"date":"2018-05-25T18:00:38","date_gmt":"2018-05-25T16:00:38","guid":{"rendered":"https:\/\/eager-austin.188-34-163-140.plesk.page\/?p=6130"},"modified":"2018-05-25T18:00:38","modified_gmt":"2018-05-25T16:00:38","slug":"sprachfoerderung","status":"publish","type":"post","link":"https:\/\/kitabluemli.ch\/en\/sprachfoerderung\/","title":{"rendered":"Language Development"},"content":{"rendered":"<p>Sprachf\u00f6rderung in unsere Kinderkrippe und Waldkinderkrippe. Die Beherrschung der deutschen Sprache, die F\u00e4higkeit zur Kommunikation und Interaktion sind essentielle Kompetenzen die jeder Mensch braucht, der seinen Platz in der Gesellschaft finden will. Ein Kind, welches in der Lage ist sich richtig auszudr\u00fccken, Lautbildung und Satzbau beherrscht, wird problemlos das Lesen und Schreiben lernen.<\/p>\n<p>Aus diesen Gr\u00fcnde wird schnell deutlich, welch hohen Stellenwert die fr\u00fche Sprachf\u00f6rderung einnimmt.<\/p>\n<p>Wichtig ist, dass Sprache im Alltag Wertsch\u00e4tzung erf\u00e4hrt! Das bedeutet Konkret beispielsweise: dass wir uns die Zeit nehmen, die Kindern zuzuh\u00f6ren und das wir immer in ganzen S\u00e4tzen mit ihnen sprechen, anstatt lediglich knappe und kurze Anweisungen wie &#171;Komm wir gehen&#187; oder &#171;Zieh dich jetzt an&#187; zu erteilen!<\/p>","protected":false},"excerpt":{"rendered":"<p>Sprachf\u00f6rderung in unsere Kinderkrippe und Waldkinderkrippe. Die Beherrschung der deutschen Sprache, die F\u00e4higkeit zur Kommunikation und Interaktion sind essentielle Kompetenzen die jeder Mensch braucht, der seinen Platz in der Gesellschaft finden will. Ein Kind, welches in der Lage ist sich richtig auszudr\u00fccken, Lautbildung und Satzbau beherrscht, wird problemlos das Lesen und Schreiben lernen. Aus diesen [&hellip;]<\/p>\n","protected":false},"author":2,"featured_media":5869,"comment_status":"closed","ping_status":"closed","sticky":false,"template":"","format":"standard","meta":{"footnotes":""},"categories":[519],"tags":[],"class_list":["post-6130","post","type-post","status-publish","format-standard","has-post-thumbnail","hentry","category-kinderkrippe-blog"],"_links":{"self":[{"href":"https:\/\/kitabluemli.ch\/en\/wp-json\/wp\/v2\/posts\/6130","targetHints":{"allow":["GET"]}}],"collection":[{"href":"https:\/\/kitabluemli.ch\/en\/wp-json\/wp\/v2\/posts"}],"about":[{"href":"https:\/\/kitabluemli.ch\/en\/wp-json\/wp\/v2\/types\/post"}],"author":[{"embeddable":true,"href":"https:\/\/kitabluemli.ch\/en\/wp-json\/wp\/v2\/users\/2"}],"replies":[{"embeddable":true,"href":"https:\/\/kitabluemli.ch\/en\/wp-json\/wp\/v2\/comments?post=6130"}],"version-history":[{"count":0,"href":"https:\/\/kitabluemli.ch\/en\/wp-json\/wp\/v2\/posts\/6130\/revisions"}],"wp:featuredmedia":[{"embeddable":true,"href":"https:\/\/kitabluemli.ch\/en\/wp-json\/wp\/v2\/media\/5869"}],"wp:attachment":[{"href":"https:\/\/kitabluemli.ch\/en\/wp-json\/wp\/v2\/media?parent=6130"}],"wp:term":[{"taxonomy":"category","embeddable":true,"href":"https:\/\/kitabluemli.ch\/en\/wp-json\/wp\/v2\/categories?post=6130"},{"taxonomy":"post_tag","embeddable":true,"href":"https:\/\/kitabluemli.ch\/en\/wp-json\/wp\/v2\/tags?post=6130"}],"curies":[{"name":"wp","href":"https:\/\/api.w.org\/{rel}","templated":true}]}}