{"id":6136,"date":"2018-05-26T21:00:20","date_gmt":"2018-05-26T19:00:20","guid":{"rendered":"https:\/\/eager-austin.188-34-163-140.plesk.page\/?p=6136"},"modified":"2018-05-26T21:00:20","modified_gmt":"2018-05-26T19:00:20","slug":"baum-mit-einem-faulen-stamm","status":"publish","type":"post","link":"https:\/\/kitabluemli.ch\/en\/baum-mit-einem-faulen-stamm\/","title":{"rendered":"Baum mit einem faulen Stamm"},"content":{"rendered":"<div id='gallery-1' class='gallery galleryid-6136 gallery-columns-3 gallery-size-thumbnail'><figure class='gallery-item'>\n\t\t\t<div class='gallery-icon landscape'>\n\t\t\t\t<a href='https:\/\/kitabluemli.ch\/en\/fauler-baumstamm-01\/'><img decoding=\"async\" width=\"150\" height=\"150\" src=\"https:\/\/kitabluemli.ch\/wp-content\/uploads\/2018\/04\/fauler-baumstamm-01-150x150.jpg\" class=\"attachment-thumbnail size-thumbnail\" alt=\"Baum mit einem faulen Stamm\" title=\"\"><\/a>\n\t\t\t<\/div><\/figure>\n\t\t<\/div>\n\n<p>Wir haben ein Baum mit einem faulen Stamm entdeckt. Der Stamm wird untersucht.. die Kinder pr\u00fcfen es mit Augen, H\u00e4nde und F\u00fcsse. Wir erkl\u00e4ren Ihnen wie es dazu kommen kann dass ein Baum verfault.<\/p>","protected":false},"excerpt":{"rendered":"<p>Wir haben ein Baum mit einem faulen Stamm entdeckt. Der Stamm wird untersucht.. die Kinder pr\u00fcfen es mit Augen, H\u00e4nde und F\u00fcsse. Wir erkl\u00e4ren Ihnen wie es dazu kommen kann dass ein Baum verfault.<\/p>","protected":false},"author":2,"featured_media":5864,"comment_status":"closed","ping_status":"closed","sticky":false,"template":"","format":"gallery","meta":{"footnotes":""},"categories":[520],"tags":[],"class_list":["post-6136","post","type-post","status-publish","format-gallery","has-post-thumbnail","hentry","category-waldkinderkrippe-blog","post_format-post-format-gallery"],"_links":{"self":[{"href":"https:\/\/kitabluemli.ch\/en\/wp-json\/wp\/v2\/posts\/6136","targetHints":{"allow":["GET"]}}],"collection":[{"href":"https:\/\/kitabluemli.ch\/en\/wp-json\/wp\/v2\/posts"}],"about":[{"href":"https:\/\/kitabluemli.ch\/en\/wp-json\/wp\/v2\/types\/post"}],"author":[{"embeddable":true,"href":"https:\/\/kitabluemli.ch\/en\/wp-json\/wp\/v2\/users\/2"}],"replies":[{"embeddable":true,"href":"https:\/\/kitabluemli.ch\/en\/wp-json\/wp\/v2\/comments?post=6136"}],"version-history":[{"count":0,"href":"https:\/\/kitabluemli.ch\/en\/wp-json\/wp\/v2\/posts\/6136\/revisions"}],"wp:featuredmedia":[{"embeddable":true,"href":"https:\/\/kitabluemli.ch\/en\/wp-json\/wp\/v2\/media\/5864"}],"wp:attachment":[{"href":"https:\/\/kitabluemli.ch\/en\/wp-json\/wp\/v2\/media?parent=6136"}],"wp:term":[{"taxonomy":"category","embeddable":true,"href":"https:\/\/kitabluemli.ch\/en\/wp-json\/wp\/v2\/categories?post=6136"},{"taxonomy":"post_tag","embeddable":true,"href":"https:\/\/kitabluemli.ch\/en\/wp-json\/wp\/v2\/tags?post=6136"}],"curies":[{"name":"wp","href":"https:\/\/api.w.org\/{rel}","templated":true}]}}